{"id":209495,"date":"2017-05-22T01:17:28","date_gmt":"2017-05-22T01:17:28","guid":{"rendered":"http:\/\/diariodominicano.ddns.net\/?p=209495"},"modified":"2017-05-22T01:17:28","modified_gmt":"2017-05-22T01:17:28","slug":"vitolo-y-francouer-con-magicos-goles-dejan-en-segundo-lugar-al-moca-fc","status":"publish","type":"post","link":"https:\/\/diariodominicano.com\/?p=209495","title":{"rendered":"Vitolo y Francouer con m\u00e1gicos goles dejan en segundo lugar al MOCA FC"},"content":{"rendered":"<p><body><\/p>\n<p><img decoding=\"async\" src=\"img3\/moca01.jpg\" \/><br \/><img decoding=\"async\" src=\"img3\/moca04.jpg\" \/><br \/><img decoding=\"async\" src=\"img3\/moca02.jpg\" \/>  <\/p>\n<p><strong> <\/strong><\/p>\n<p><strong>Por Jos\u00e9 Luis Paulino Reyes<\/strong><\/p>\n<p><strong>Moca, provincia Espaillat, 21 de Mayo de 2017. &#8211;<\/strong> Con goles de V\u00edctor Gonz\u00e1lez y Chedelin Francouer el MOCA FC se anot\u00f3 otra victoria 2-0 frente a los Delfines en la liga Dominicana de F\u00fatbol (LDF) Banco Popular y se quedan solo en el segundo lugar del evento.<\/p>\n<\/p>\n<\/p>\n<p>Los mocanos abrieron el marcador con un espectacular tiro libre de V\u00edctor Gonz\u00e1lez (Vitolo) en el minuto 28, batiendo la porter\u00eda de los visitantes ante la algarab\u00eda del p\u00fablico local.<\/p>\n<\/p>\n<\/p>\n<p>Con este resultado MOCA FC se fue al medio tiempo 1-0 en el estadio Ol\u00edmpico de Moca, colmado de otra gran asistencia de p\u00fablico.<\/p>\n<\/p>\n<\/p>\n<p>Luego de varias llegadas sin \u00e9xitos, lleg\u00f3 el segundo gol del MOCA FC, cuando Chedelin Francouer burl\u00f3 dos defensas y de frente al portero, mando la bola al fondo de la malla al minuto 76, explotando de nuevo la emoci\u00f3n en las gradas de los locales.<\/p>\n<\/p>\n<\/p>\n<p>MOCA FC termina la segunda ronda con 16 puntos, s\u00f3lido en la segunda posici\u00f3n de la justa en las primeras 9 jornadas de la LDF Popular.  <\/p>\n<\/p>\n<p><strong> <\/strong><\/p>\n<p><strong>Saque de honor<\/strong><\/p>\n<\/p>\n<p>El Reverendo Gregorio Garc\u00eda, una de las personas queridas del pueblo mocano y del F\u00fatbol por sus grandes aportaciones a esta disciplina, realiz\u00f3 el saque de honor antes de comenzar el encuentro.<\/p>\n<\/p>\n<\/p>\n<p>Garc\u00eda estuvo acompa\u00f1ado de los directivos del MOCA FC y de Nelson Pe\u00f1a, presidente de la Asociaci\u00f3n de F\u00fatbol de Espaillat (AFE). <\/p>\n<h6> 2017-05-22 01:17:28 <\/h6>\n<p><!--\n<link rel=\"stylesheet\" href=\"css\/bootstrap.min.css\">\n\n\n<ul class=\"pagination\">\n\t    \n\t\n\n<li >\n\t<a href='?page_no=8792'>Previous<\/a>\n\t<\/li>\n\n\n       \n    \n\n<li><a href='?page_no=1'>1<\/a><\/li>\n\n\n\n<li><a href='?page_no=2'>2<\/a><\/li>\n\n\n\n<li><a>...<\/a><\/li>\n\n\n\n<li><a href='?page_no=8791'>8791<\/a><\/li>\n\n\n\n<li><a href='?page_no=8792'>8792<\/a><\/li>\n\n\n\n<li class='active'><a>8793<\/a><\/li>\n\n\n\n<li><a href='?page_no=8794'>8794<\/a><\/li>\n\n\n\n<li><a href='?page_no=8795'>8795<\/a><\/li>\n\n\n\n<li><a>...<\/a><\/li>\n\n\n\n<li><a href='?page_no=36618'>36618<\/a><\/li>\n\n\n\n<li><a href='?page_no=36619'>36619<\/a><\/li>\n\n    \n\t\n\n<li >\n\t<a href='?page_no=8794'>Next<\/a>\n\t<\/li>\n\n\n    \n\n<li><a href='?page_no=36619'>Last &rsaquo;&rsaquo;<\/a><\/li>\n\n<\/ul>\n\n\n--><br \/>\n<\/body><\/p>\n","protected":false},"excerpt":{"rendered":"<p>Por Jos\u00e9 Luis Paulino Reyes Moca, provincia Espaillat, 21 de Mayo de 2017. &#8211; Con goles de V\u00edctor Gonz\u00e1lez y Chedelin Francouer el MOCA FC se anot\u00f3 otra victoria 2-0 frente a los Delfines en la liga Dominicana de F\u00fatbol (LDF) Banco Popular y se quedan solo en el segundo lugar del evento. Los mocanos [&hellip;]<\/p>\n","protected":false},"author":3,"featured_media":0,"comment_status":"open","ping_status":"open","sticky":false,"template":"","format":"standard","meta":{"footnotes":""},"categories":[17],"tags":[],"class_list":["post-209495","post","type-post","status-publish","format-standard","hentry","category-deportes"],"_links":{"self":[{"href":"https:\/\/diariodominicano.com\/index.php?rest_route=\/wp\/v2\/posts\/209495","targetHints":{"allow":["GET"]}}],"collection":[{"href":"https:\/\/diariodominicano.com\/index.php?rest_route=\/wp\/v2\/posts"}],"about":[{"href":"https:\/\/diariodominicano.com\/index.php?rest_route=\/wp\/v2\/types\/post"}],"author":[{"embeddable":true,"href":"https:\/\/diariodominicano.com\/index.php?rest_route=\/wp\/v2\/users\/3"}],"replies":[{"embeddable":true,"href":"https:\/\/diariodominicano.com\/index.php?rest_route=%2Fwp%2Fv2%2Fcomments&post=209495"}],"version-history":[{"count":0,"href":"https:\/\/diariodominicano.com\/index.php?rest_route=\/wp\/v2\/posts\/209495\/revisions"}],"wp:attachment":[{"href":"https:\/\/diariodominicano.com\/index.php?rest_route=%2Fwp%2Fv2%2Fmedia&parent=209495"}],"wp:term":[{"taxonomy":"category","embeddable":true,"href":"https:\/\/diariodominicano.com\/index.php?rest_route=%2Fwp%2Fv2%2Fcategories&post=209495"},{"taxonomy":"post_tag","embeddable":true,"href":"https:\/\/diariodominicano.com\/index.php?rest_route=%2Fwp%2Fv2%2Ftags&post=209495"}],"curies":[{"name":"wp","href":"https:\/\/api.w.org\/{rel}","templated":true}]}}