{"id":209486,"date":"2017-05-22T14:02:38","date_gmt":"2017-05-22T14:02:38","guid":{"rendered":"http:\/\/diariodominicano.ddns.net\/?p=209486"},"modified":"2017-05-22T14:02:38","modified_gmt":"2017-05-22T14:02:38","slug":"fallece-piloto-de-motociclismo-estadounidense-nicky-hayden","status":"publish","type":"post","link":"https:\/\/diariodominicano.com\/?p=209486","title":{"rendered":"Fallece piloto de motociclismo estadounidense Nicky Hayden"},"content":{"rendered":"<p><body><\/p>\n<p><span class=\"text1noticias\">Cesena, Italia, 22 may (PL) El piloto de motociclismo estadounidense Nicky Hayden falleci\u00f3 hoy en el hospital Maurizio Bufalini de la localidad italiana de Cesena, a causa del accidente sufrido la semana precedente.<\/span><\/p>\n<p><span class=\"text1noticias\"> <\/span><\/p>\n<p><span class=\"text1noticias\">Seg\u00fan un comunicado emitido por la entidad de salud, los m\u00e9dicos confirmaron la muerte del paciente, quien se encontraba en estado grave tras haber sido atropellado el mi\u00e9rcoles pasado por un auto cuando circulaba en bicicleta en la provincia de Rimini, al norte de Italia.<\/span><\/p>\n<p><span class=\"text1noticias\"> <\/span><\/p>\n<p><span class=\"text1noticias\">Hayden, de 35 a\u00f1os, result\u00f3 campe\u00f3n mundial de MotoGP en 2006 y este fin de semana ten\u00eda previsto incursionar con su equipo Honda en el circuito italiano de Imola, correspondiente al campeonato mundial de Superbike.<\/span><\/p>\n<p><span class=\"text1noticias\"> <\/span><\/p>\n<p><span class=\"text1noticias\">Kentucky Kid, como tambi\u00e9n se le conoc\u00eda, fue ingresado en cuidados intensivos con da\u00f1os cerebrales muy graves, debido a un politraumatismo severo, agreg\u00f3 el comunicado del hospital.<\/span><\/p>\n<p><span class=\"text1noticias\"> <\/span><\/p>\n<p><span class=\"text1noticias\">Luego de conocerse el accidente, Hayden recibi\u00f3 muestras de afectos y apoyo por parte de pilotos, como el multicampe\u00f3n italiano Valentino Rossi, de los aficionados y de los directivos de MotoGP y Superb<\/span>ike.<\/p>\n<h6> 2017-05-22 14:02:38 <\/h6>\n<p><!--\n<link rel=\"stylesheet\" href=\"css\/bootstrap.min.css\">\n\n\n<ul class=\"pagination\">\n\t    \n\t\n\n<li >\n\t<a href='?page_no=8784'>Previous<\/a>\n\t<\/li>\n\n\n       \n    \n\n<li><a href='?page_no=1'>1<\/a><\/li>\n\n\n\n<li><a href='?page_no=2'>2<\/a><\/li>\n\n\n\n<li><a>...<\/a><\/li>\n\n\n\n<li><a href='?page_no=8783'>8783<\/a><\/li>\n\n\n\n<li><a href='?page_no=8784'>8784<\/a><\/li>\n\n\n\n<li class='active'><a>8785<\/a><\/li>\n\n\n\n<li><a href='?page_no=8786'>8786<\/a><\/li>\n\n\n\n<li><a href='?page_no=8787'>8787<\/a><\/li>\n\n\n\n<li><a>...<\/a><\/li>\n\n\n\n<li><a href='?page_no=36618'>36618<\/a><\/li>\n\n\n\n<li><a href='?page_no=36619'>36619<\/a><\/li>\n\n    \n\t\n\n<li >\n\t<a href='?page_no=8786'>Next<\/a>\n\t<\/li>\n\n\n    \n\n<li><a href='?page_no=36619'>Last &rsaquo;&rsaquo;<\/a><\/li>\n\n<\/ul>\n\n\n--><br \/>\n<\/body><\/p>\n","protected":false},"excerpt":{"rendered":"<p>Cesena, Italia, 22 may (PL) El piloto de motociclismo estadounidense Nicky Hayden falleci\u00f3 hoy en el hospital Maurizio Bufalini de la localidad italiana de Cesena, a causa del accidente sufrido la semana precedente. Seg\u00fan un comunicado emitido por la entidad de salud, los m\u00e9dicos confirmaron la muerte del paciente, quien se encontraba en estado grave [&hellip;]<\/p>\n","protected":false},"author":3,"featured_media":0,"comment_status":"open","ping_status":"open","sticky":false,"template":"","format":"standard","meta":{"footnotes":""},"categories":[17],"tags":[],"class_list":["post-209486","post","type-post","status-publish","format-standard","hentry","category-deportes"],"_links":{"self":[{"href":"https:\/\/diariodominicano.com\/index.php?rest_route=\/wp\/v2\/posts\/209486","targetHints":{"allow":["GET"]}}],"collection":[{"href":"https:\/\/diariodominicano.com\/index.php?rest_route=\/wp\/v2\/posts"}],"about":[{"href":"https:\/\/diariodominicano.com\/index.php?rest_route=\/wp\/v2\/types\/post"}],"author":[{"embeddable":true,"href":"https:\/\/diariodominicano.com\/index.php?rest_route=\/wp\/v2\/users\/3"}],"replies":[{"embeddable":true,"href":"https:\/\/diariodominicano.com\/index.php?rest_route=%2Fwp%2Fv2%2Fcomments&post=209486"}],"version-history":[{"count":0,"href":"https:\/\/diariodominicano.com\/index.php?rest_route=\/wp\/v2\/posts\/209486\/revisions"}],"wp:attachment":[{"href":"https:\/\/diariodominicano.com\/index.php?rest_route=%2Fwp%2Fv2%2Fmedia&parent=209486"}],"wp:term":[{"taxonomy":"category","embeddable":true,"href":"https:\/\/diariodominicano.com\/index.php?rest_route=%2Fwp%2Fv2%2Fcategories&post=209486"},{"taxonomy":"post_tag","embeddable":true,"href":"https:\/\/diariodominicano.com\/index.php?rest_route=%2Fwp%2Fv2%2Ftags&post=209486"}],"curies":[{"name":"wp","href":"https:\/\/api.w.org\/{rel}","templated":true}]}}