{"id":209475,"date":"2017-05-23T14:42:57","date_gmt":"2017-05-23T14:42:57","guid":{"rendered":"http:\/\/diariodominicano.ddns.net\/?p=209475"},"modified":"2017-05-23T14:42:57","modified_gmt":"2017-05-23T14:42:57","slug":"nibali-gana-etapa-reina-en-giro-de-italia","status":"publish","type":"post","link":"https:\/\/diariodominicano.com\/?p=209475","title":{"rendered":"Nibali gana etapa reina en Giro de Italia"},"content":{"rendered":"<p><body><\/p>\n<p><img decoding=\"async\" src=\"img3\/CiclismoNibali.jpg\" \/>  <\/p>\n<p><span class=\"text1noticias\">Bormio, Italia, 23 may (PL) El ciclista italiano Vincenzo Nibali (Bahrain-M\u00e9rida) conquist\u00f3 hoy la etapa reina del Giro de Italia, de 222 kil\u00f3metros entre Rovetta y Bormio, mientras el holand\u00e9s Tom Dumoulin (Sunweb) mantuvo el liderazgo de la clasificaci\u00f3n general.<\/span><\/p>\n<p><span class=\"text1noticias\"> <\/span><\/p>\n<p><span class=\"text1noticias\">Nibali se impuso en el sprint decisivo al espa\u00f1ol Mikel Landa (Sky) en el duro trayecto de tres puertos de altura. A 10 segundos de los punteros arrib\u00f3 el escarabajo colombiano Nairo Quintana.<\/span><\/p>\n<p><span class=\"text1noticias\"> <\/span><\/p>\n<p><span class=\"text1noticias\">A pesar de perder el ritmo de los l\u00edderes en el \u00faltimo puerto por el desgaste, cuando tuvo que pararse durante un minuto a falta de unos 30 kil\u00f3metros para la meta, Dumoulin logr\u00f3 conservar la maglia rosa de l\u00edder de la general tras la decimosexta etapa, con 31 segundos de ventaja sobre Quintana y 1:12 minutos sobre Nibali.<\/span><\/p>\n<p><span class=\"text1noticias\"> <\/span><\/p>\n<p><span class=\"text1noticias\">Antes de la salida en Rovetta los 174 corredores se pararon para dedicar un minuto de silencio en honor al reci\u00e9n fallecido motociclista Nicky Hayden, la atleta de triatl\u00f3n alemana Julia Viellehner y las 22 v\u00edctimas del atentado del lunes en Manchester.<\/span><\/p>\n<p><span class=\"text1noticias\"> <\/span><\/p>\n<p><span class=\"text1noticias\">Ma\u00f1ana se disputar\u00e1 la decimos\u00e9ptima etapa entre Tirano y Canazei, de 219 kil\u00f3metros, con un comienzo por las duras subidas de Aprica y Paso del Tonale y terminar\u00e1 con una bajada de un kil\u00f3metro.<\/span><\/p>\n<p><span class=\"text1noticias\"> <\/span><\/p>\n<p><span class=\"text1noticias\">Clasificaci\u00f3n de la etapa 16 del Giro de Italia 2017: <\/span><\/p>\n<p><span class=\"text1noticias\"> <\/span><\/p>\n<p><span class=\"text1noticias\">1. Vincenzo Nibali (Bahrain-M\u00e9rida) 6h24&#8217;22\u00bb <\/span><\/p>\n<p><span class=\"text1noticias\"> <\/span><\/p>\n<p><span class=\"text1noticias\">2. Mikel Landa (Sky) m.t.<\/span><\/p>\n<p><span class=\"text1noticias\"> <\/span><\/p>\n<p><span class=\"text1noticias\">3. Nairo Quintana (Movistar) +12\u00bb <\/span><\/p>\n<p><span class=\"text1noticias\"> <\/span><\/p>\n<p><span class=\"text1noticias\">4. Domenico Pozzovivo (Ag2r) +24\u00bb <\/span><\/p>\n<p><span class=\"text1noticias\"> <\/span><\/p>\n<p><span class=\"text1noticias\">5. Ilnur Zakarin (Katusha) +34\u00bb <\/span><\/p>\n<p><span class=\"text1noticias\"> <\/span><\/p>\n<p><span class=\"text1noticias\">6. Davide Formolo (Cannondale) +1&#8217;26\u00bb <\/span><\/p>\n<p><span class=\"text1noticias\"> <\/span><\/p>\n<p><span class=\"text1noticias\">7. Bauke Mollema (Trek-Segafredo) +1&#8217;35\u00bb <\/span><\/p>\n<p><span class=\"text1noticias\"> <\/span><\/p>\n<p><span class=\"text1noticias\">8. Bob Jungels (Quick-Step) +1&#8217;35\u00bb <\/span><\/p>\n<p><span class=\"text1noticias\"> <\/span><\/p>\n<p><span class=\"text1noticias\">9. Adam Yates (Orica-Scott) +1&#8217;35\u00bb <\/span><\/p>\n<p><span class=\"text1noticias\"> <\/span><\/p>\n<p><span class=\"text1noticias\">10. Thibaut Pinot (FDJ) +1&#8217;35\u00bb <\/span><\/p>\n<p><span class=\"text1noticias\"> <\/span><\/p>\n<p><span class=\"text1noticias\">&#8230;<\/span><\/p>\n<p><span class=\"text1noticias\"> <\/span><\/p>\n<p><span class=\"text1noticias\">13. Tom Dumoulin (Sunweb) +2&#8217;17\u00bb <\/span><\/p>\n<p><span class=\"text1noticias\"> <\/span><\/p>\n<p><span class=\"text1noticias\">Clasificaci\u00f3n general del Giro de Italia 2017 tras la etapa 16: <\/span><\/p>\n<p><span class=\"text1noticias\"> <\/span><\/p>\n<p><span class=\"text1noticias\">1. Tom Dumoulin (Sunweb) 70h14&#8217;48\u00bb <\/span><\/p>\n<p><span class=\"text1noticias\"> <\/span><\/p>\n<p><span class=\"text1noticias\">2. Nairo Quintana (Movistar) +31\u00bb <\/span><\/p>\n<p><span class=\"text1noticias\"> <\/span><\/p>\n<p><span class=\"text1noticias\">3. Vincenzo Nibali (Bahrain-M\u00e9rida) +1&#8217;12\u00bb <\/span><\/p>\n<p><span class=\"text1noticias\"> <\/span><\/p>\n<p><span class=\"text1noticias\">4. Thibaut Pinot (FDJ) +2&#8217;38\u00bb <\/span><\/p>\n<p><span class=\"text1noticias\"> <\/span><\/p>\n<p><span class=\"text1noticias\">5. Ilnur Zakarin (Katusha) +2&#8217;40\u00bb <\/span><\/p>\n<p><span class=\"text1noticias\"> <\/span><\/p>\n<p><span class=\"text1noticias\">6. Domenico Pozzovivo (Ag2r) +3&#8217;05\u00bb <\/span><\/p>\n<p><span class=\"text1noticias\"> <\/span><\/p>\n<p><span class=\"text1noticias\">7. Bauke Mollema (Trek-Segafredo) +3&#8217;49\u00bb <\/span><\/p>\n<p><span class=\"text1noticias\"> <\/span><\/p>\n<p><span class=\"text1noticias\">8. Bob Jungels (Quick-Step) +4&#8217;35\u00bb <\/span><\/p>\n<p><span class=\"text1noticias\"> <\/span><\/p>\n<p><span class=\"text1noticias\">9. Steven Kruijswijk<\/span> (Lotto NL-Jumbo) +6&#8217;20\u00bb <\/p>\n<\/p>\n<p>10. Adam Yates (Orica-Scott) +7&#8217;00\u00bb 17:37 <\/p>\n<h6> 2017-05-23 14:42:57 <\/h6>\n<p><!--\n<link rel=\"stylesheet\" href=\"css\/bootstrap.min.css\">\n\n\n<ul class=\"pagination\">\n\t    \n\t\n\n<li >\n\t<a href='?page_no=8774'>Previous<\/a>\n\t<\/li>\n\n\n       \n    \n\n<li><a href='?page_no=1'>1<\/a><\/li>\n\n\n\n<li><a href='?page_no=2'>2<\/a><\/li>\n\n\n\n<li><a>...<\/a><\/li>\n\n\n\n<li><a href='?page_no=8773'>8773<\/a><\/li>\n\n\n\n<li><a href='?page_no=8774'>8774<\/a><\/li>\n\n\n\n<li class='active'><a>8775<\/a><\/li>\n\n\n\n<li><a href='?page_no=8776'>8776<\/a><\/li>\n\n\n\n<li><a href='?page_no=8777'>8777<\/a><\/li>\n\n\n\n<li><a>...<\/a><\/li>\n\n\n\n<li><a href='?page_no=36618'>36618<\/a><\/li>\n\n\n\n<li><a href='?page_no=36619'>36619<\/a><\/li>\n\n    \n\t\n\n<li >\n\t<a href='?page_no=8776'>Next<\/a>\n\t<\/li>\n\n\n    \n\n<li><a href='?page_no=36619'>Last &rsaquo;&rsaquo;<\/a><\/li>\n\n<\/ul>\n\n\n--><br \/>\n<\/body><\/p>\n","protected":false},"excerpt":{"rendered":"<p>Bormio, Italia, 23 may (PL) El ciclista italiano Vincenzo Nibali (Bahrain-M\u00e9rida) conquist\u00f3 hoy la etapa reina del Giro de Italia, de 222 kil\u00f3metros entre Rovetta y Bormio, mientras el holand\u00e9s Tom Dumoulin (Sunweb) mantuvo el liderazgo de la clasificaci\u00f3n general. Nibali se impuso en el sprint decisivo al espa\u00f1ol Mikel Landa (Sky) en el duro [&hellip;]<\/p>\n","protected":false},"author":3,"featured_media":0,"comment_status":"open","ping_status":"open","sticky":false,"template":"","format":"standard","meta":{"footnotes":""},"categories":[17],"tags":[],"class_list":["post-209475","post","type-post","status-publish","format-standard","hentry","category-deportes"],"_links":{"self":[{"href":"https:\/\/diariodominicano.com\/index.php?rest_route=\/wp\/v2\/posts\/209475","targetHints":{"allow":["GET"]}}],"collection":[{"href":"https:\/\/diariodominicano.com\/index.php?rest_route=\/wp\/v2\/posts"}],"about":[{"href":"https:\/\/diariodominicano.com\/index.php?rest_route=\/wp\/v2\/types\/post"}],"author":[{"embeddable":true,"href":"https:\/\/diariodominicano.com\/index.php?rest_route=\/wp\/v2\/users\/3"}],"replies":[{"embeddable":true,"href":"https:\/\/diariodominicano.com\/index.php?rest_route=%2Fwp%2Fv2%2Fcomments&post=209475"}],"version-history":[{"count":0,"href":"https:\/\/diariodominicano.com\/index.php?rest_route=\/wp\/v2\/posts\/209475\/revisions"}],"wp:attachment":[{"href":"https:\/\/diariodominicano.com\/index.php?rest_route=%2Fwp%2Fv2%2Fmedia&parent=209475"}],"wp:term":[{"taxonomy":"category","embeddable":true,"href":"https:\/\/diariodominicano.com\/index.php?rest_route=%2Fwp%2Fv2%2Fcategories&post=209475"},{"taxonomy":"post_tag","embeddable":true,"href":"https:\/\/diariodominicano.com\/index.php?rest_route=%2Fwp%2Fv2%2Ftags&post=209475"}],"curies":[{"name":"wp","href":"https:\/\/api.w.org\/{rel}","templated":true}]}}