{"id":209474,"date":"2017-05-23T14:59:51","date_gmt":"2017-05-23T14:59:51","guid":{"rendered":"http:\/\/diariodominicano.ddns.net\/?p=209474"},"modified":"2017-05-23T14:59:51","modified_gmt":"2017-05-23T14:59:51","slug":"atletismo-cubano-opuesto-a-borrar-records","status":"publish","type":"post","link":"https:\/\/diariodominicano.com\/?p=209474","title":{"rendered":"Atletismo cubano opuesto a borrar r\u00e9cords"},"content":{"rendered":"<p><body><\/p>\n<p><span class=\"text1noticias\">Por Lemay Padr\u00f3n Oliveros<\/span><\/p>\n<p><span class=\"text1noticias\"> <\/span><\/p>\n<p><span class=\"text1noticias\">La Habana, 23 may (PL) Cuba reiter\u00f3 hoy su oposici\u00f3n a la posible invalidaci\u00f3n de los r\u00e9cords mundiales de atletismo anteriores al 2005, entre los cuales aparece el del cubano Javier Sotomayor en salto de altura.<\/span><\/p>\n<p><span class=\"text1noticias\"> <\/span><\/p>\n<p><span class=\"text1noticias\">El comisionado nacional de la disciplina, Agust\u00edn Abril, expres\u00f3 a Prensa Latina que se trata de una propuesta que jur\u00eddicamente no tiene ning\u00fan basamento.<\/span><\/p>\n<p><span class=\"text1noticias\"> <\/span><\/p>\n<p><span class=\"text1noticias\">Coincidimos con la declaraci\u00f3n de nuestro Comit\u00e9 Ol\u00edmpico, y pensamos que ser\u00eda un error garrafal darle curso a esta iniciativa, porque no se puede borrar la historia, asever\u00f3.<\/span><\/p>\n<p><span class=\"text1noticias\"> <\/span><\/p>\n<p><span class=\"text1noticias\">Abril agreg\u00f3 que esas marcas en su momento se lograron en las condiciones existentes en esa \u00e9poca, conseguidas por atletas considerados glorias en sus respectivos pa\u00edses.<\/span><\/p>\n<p><span class=\"text1noticias\"> <\/span><\/p>\n<p><span class=\"text1noticias\">En el caso de Cuba, Sotomayor logr\u00f3 muchas veces sobrepasar la cifra de 2.40 metros, y rechazamos totalmente que se adopte una decisi\u00f3n como esa, coment\u00f3.<\/span><\/p>\n<p><span class=\"text1noticias\"> <\/span><\/p>\n<p><span class=\"text1noticias\">Seg\u00fan el dirigente, en la Confederaci\u00f3n de las Am\u00e9ricas no se ha apoyado p\u00fablicamente la propuesta, pero no existe hasta ahora una declaraci\u00f3n oficial.<\/span><\/p>\n<p><span class=\"text1noticias\"> <\/span><\/p>\n<p><span class=\"text1noticias\">Al respecto, el campe\u00f3n ol\u00edmpico de Beijing-2008 en los 110 metros con vallas, el cubano Dayron Robles, coincidi\u00f3 en que es muy dif\u00edcil borrar la historia.<\/span><\/p>\n<p><span class=\"text1noticias\"> <\/span><\/p>\n<p><span class=\"text1noticias\">No soy yo quien debe pronunciarse al respecto, pero independientemente de la decisi\u00f3n que tome, lo hecho no se puede borrar, y a esos atletas, como dijo nuestro comandante Fidel Castro, la historia los absolver\u00e1, asegur\u00f3.<\/span><\/p>\n<p><span class=\"text1noticias\"> <\/span><\/p>\n<p><span class=\"text1noticias\">La sugerencia de la Asociaci\u00f3n Europea ser\u00e1 evaluada por la Federaci\u00f3n Internacional de Atletismo (IAAF) a finales <\/span>de julio.<\/p>\n<h6> 2017-05-23 14:59:51 <\/h6>\n<p><!--\n<link rel=\"stylesheet\" href=\"css\/bootstrap.min.css\">\n\n\n<ul class=\"pagination\">\n\t    \n\t\n\n<li >\n\t<a href='?page_no=8773'>Previous<\/a>\n\t<\/li>\n\n\n       \n    \n\n<li><a href='?page_no=1'>1<\/a><\/li>\n\n\n\n<li><a href='?page_no=2'>2<\/a><\/li>\n\n\n\n<li><a>...<\/a><\/li>\n\n\n\n<li><a href='?page_no=8772'>8772<\/a><\/li>\n\n\n\n<li><a href='?page_no=8773'>8773<\/a><\/li>\n\n\n\n<li class='active'><a>8774<\/a><\/li>\n\n\n\n<li><a href='?page_no=8775'>8775<\/a><\/li>\n\n\n\n<li><a href='?page_no=8776'>8776<\/a><\/li>\n\n\n\n<li><a>...<\/a><\/li>\n\n\n\n<li><a href='?page_no=36618'>36618<\/a><\/li>\n\n\n\n<li><a href='?page_no=36619'>36619<\/a><\/li>\n\n    \n\t\n\n<li >\n\t<a href='?page_no=8775'>Next<\/a>\n\t<\/li>\n\n\n    \n\n<li><a href='?page_no=36619'>Last &rsaquo;&rsaquo;<\/a><\/li>\n\n<\/ul>\n\n\n--><br \/>\n<\/body><\/p>\n","protected":false},"excerpt":{"rendered":"<p>Por Lemay Padr\u00f3n Oliveros La Habana, 23 may (PL) Cuba reiter\u00f3 hoy su oposici\u00f3n a la posible invalidaci\u00f3n de los r\u00e9cords mundiales de atletismo anteriores al 2005, entre los cuales aparece el del cubano Javier Sotomayor en salto de altura. El comisionado nacional de la disciplina, Agust\u00edn Abril, expres\u00f3 a Prensa Latina que se trata [&hellip;]<\/p>\n","protected":false},"author":3,"featured_media":0,"comment_status":"open","ping_status":"open","sticky":false,"template":"","format":"standard","meta":{"footnotes":""},"categories":[17],"tags":[],"class_list":["post-209474","post","type-post","status-publish","format-standard","hentry","category-deportes"],"_links":{"self":[{"href":"https:\/\/diariodominicano.com\/index.php?rest_route=\/wp\/v2\/posts\/209474","targetHints":{"allow":["GET"]}}],"collection":[{"href":"https:\/\/diariodominicano.com\/index.php?rest_route=\/wp\/v2\/posts"}],"about":[{"href":"https:\/\/diariodominicano.com\/index.php?rest_route=\/wp\/v2\/types\/post"}],"author":[{"embeddable":true,"href":"https:\/\/diariodominicano.com\/index.php?rest_route=\/wp\/v2\/users\/3"}],"replies":[{"embeddable":true,"href":"https:\/\/diariodominicano.com\/index.php?rest_route=%2Fwp%2Fv2%2Fcomments&post=209474"}],"version-history":[{"count":0,"href":"https:\/\/diariodominicano.com\/index.php?rest_route=\/wp\/v2\/posts\/209474\/revisions"}],"wp:attachment":[{"href":"https:\/\/diariodominicano.com\/index.php?rest_route=%2Fwp%2Fv2%2Fmedia&parent=209474"}],"wp:term":[{"taxonomy":"category","embeddable":true,"href":"https:\/\/diariodominicano.com\/index.php?rest_route=%2Fwp%2Fv2%2Fcategories&post=209474"},{"taxonomy":"post_tag","embeddable":true,"href":"https:\/\/diariodominicano.com\/index.php?rest_route=%2Fwp%2Fv2%2Ftags&post=209474"}],"curies":[{"name":"wp","href":"https:\/\/api.w.org\/{rel}","templated":true}]}}