{"id":209472,"date":"2017-05-23T15:14:08","date_gmt":"2017-05-23T15:14:08","guid":{"rendered":"http:\/\/diariodominicano.ddns.net\/?p=209472"},"modified":"2017-05-23T15:14:08","modified_gmt":"2017-05-23T15:14:08","slug":"joey-gallo-seguira-en-la-3b-de-texas-pero-se-acerca-el-regreso-de-beltre","status":"publish","type":"post","link":"https:\/\/diariodominicano.com\/?p=209472","title":{"rendered":"Joey Gallo seguir\u00e1 en la 3B de Texas, pero se acerca el regreso de Beltr\u00e9"},"content":{"rendered":"<p><body><\/p>\n<p><span class=\"text1noticias\">Por T.R. Sullivan \/ MLB.com<\/span><\/p>\n<p><span class=\"text1noticias\">BOSTON, 23 de mayo, 2017.&#8211; El dirigente de los Rangers, Jeff Banister, afirm\u00f3 que por ahora no ha ponderado un posible cambio de posici\u00f3n para el antesalista Joey Gallo.<\/span><\/p>\n<p><span class=\"text1noticias\"> <\/span><\/p>\n<p><span class=\"text1noticias\">Texas tendr\u00eda que contemplar dicha situaci\u00f3n cuando el dominicano Adri\u00e1n Beltr\u00e9 regrese de la lista de incapacitados, pero Banister indic\u00f3 que no es el momento para enfocarse en eso.<\/span><\/p>\n<\/p>\n<p><span class=\"text1noticias\">\u00abPor ahora, queremos simplificar las cosas para Joey\u00bb, expres\u00f3 Banister. \u00abMe siento c\u00f3modo con Joey y entiendo lo que implica el regreso de Adri\u00e1n. Todo depende de la direcci\u00f3n que busquemos tomar. Si Joey debe jugar otra posici\u00f3n, creemos que tiene las capacidades para hacerlo\u00bb.<\/span><\/p>\n<\/p>\n<p><span class=\"text1noticias\">Banister agreg\u00f3 que Gallo ya estar\u00eda pensando en dicha situaci\u00f3n, as\u00ed como otros jugadores se preguntan qu\u00e9 suceder\u00e1 cuando Tyson Ross, Cole Hamels y el quisqueyano Carlos G\u00f3mez se reintegren al equipo.<\/span><\/p>\n<p><span class=\"text1noticias\">\u00abPero la prioridad es la rutina y el trabajo diario\u00bb, manifest\u00f3 Banister. \u00abSi comienzas a pensar en eso, nuestra decisi\u00f3n ser\u00e1 f\u00e1cil. Estos muchachos son profesionales y salen listos para jugar. Est\u00e1n conscientes de la situaci\u00f3n, pero tampoco se preocupan por eso\u00bb.<\/span><\/p>\n<\/p>\n<p><span class=\"text1noticias\">Beltr\u00e9 tuvo exigentes entrenamientos el s\u00e1bado bateando, fildeando y corriendo las bases. No tuvo problemas despu\u00e9s de dichas actividades y realiz\u00f3 ligeros ejercicios el domingo, especialmente despu\u00e9s de que la lluvia cancelara las pr\u00e1cticas de bateo. El veterano ten\u00eda pautado regresar a las actividades el martes en Boston, pero necesitar\u00e1 viajar a Arizona para participar en juegos de Entrenamientos de Primavera extendidos antes de regresar con el equipo grande de Texas.<\/span><\/p>\n<\/p>\n<p><span class=\"text1noticias\">Gallo no jug\u00f3 en el cierre de la serie de los Rangers contra los Tigres el domingo, con un abridor zurdo en la lomita. Banister se\u00f1al\u00f3 que Gallo viene lidiando con rigidez en la espalda y que quer\u00eda darle algunos d\u00edas de descanso.<\/span><\/p>\n<p><span class=\"text1noticias\">Tras la acci\u00f3n del fin de semana, Gallo lleva promedio de .184, pero tambi\u00e9n encabeza al conjunto texano con 13 cuadrangulares y 29 remolcadas. Dichas cifras lo proyectan para sacudir 47 jonrones con 106 empujadas en una campa\u00f1a completa. Texas deber\u00e1 encontrarle otra posici\u00f3n a Gallo, pero no ser\u00e1 en Triple-A Round Rock.<\/span><\/p>\n<\/p>\n<p><span class=\"text1noticias\">\u00abTodav\u00eda debemos pasar por el proceso y observar todas las alternativas\u00bb, declar\u00f3 Banister. \u00abExiste una gran importancia en el roster de 25 jugadores; se trata de contar con los mejores 25 y ver c\u00f3mo encajan en el terreno. Por ahora, no hemos comenzado el proceso. El grupo de coaches y los directivos estamos conscientes de la situaci\u00f3n\u00bb.<\/span><\/p>\n<\/p>\n<p><span class=\"text1noticias\">Los Rangers tienen alternativas para Gallo. La tercera base es su mejor posici\u00f3n y el joven ha tenido un buen desempe\u00f1o ah\u00ed, pero tambi\u00e9n puede patrullar la pradera izquierda y jugar como inicialista si es necesario.<\/span><\/p>\n<\/p>\n<p><span class=\"text1noticias\">\u00abMe siento c\u00f3modo en cualquier posici\u00f3n que he jugado como profesional\u00bb, dijo Gallo. \u00abNo tendr\u00e9 ning\u00fan problema\u00bb<\/span>.<\/p>\n<h6> 2017-05-23 15:14:08 <\/h6>\n<p><!--\n<link rel=\"stylesheet\" href=\"css\/bootstrap.min.css\">\n\n\n<ul class=\"pagination\">\n\t    \n\t\n\n<li >\n\t<a href='?page_no=8771'>Previous<\/a>\n\t<\/li>\n\n\n       \n    \n\n<li><a href='?page_no=1'>1<\/a><\/li>\n\n\n\n<li><a href='?page_no=2'>2<\/a><\/li>\n\n\n\n<li><a>...<\/a><\/li>\n\n\n\n<li><a href='?page_no=8770'>8770<\/a><\/li>\n\n\n\n<li><a href='?page_no=8771'>8771<\/a><\/li>\n\n\n\n<li class='active'><a>8772<\/a><\/li>\n\n\n\n<li><a href='?page_no=8773'>8773<\/a><\/li>\n\n\n\n<li><a href='?page_no=8774'>8774<\/a><\/li>\n\n\n\n<li><a>...<\/a><\/li>\n\n\n\n<li><a href='?page_no=36618'>36618<\/a><\/li>\n\n\n\n<li><a href='?page_no=36619'>36619<\/a><\/li>\n\n    \n\t\n\n<li >\n\t<a href='?page_no=8773'>Next<\/a>\n\t<\/li>\n\n\n    \n\n<li><a href='?page_no=36619'>Last &rsaquo;&rsaquo;<\/a><\/li>\n\n<\/ul>\n\n\n--><br \/>\n<\/body><\/p>\n","protected":false},"excerpt":{"rendered":"<p>Por T.R. Sullivan \/ MLB.com BOSTON, 23 de mayo, 2017.&#8211; El dirigente de los Rangers, Jeff Banister, afirm\u00f3 que por ahora no ha ponderado un posible cambio de posici\u00f3n para el antesalista Joey Gallo. Texas tendr\u00eda que contemplar dicha situaci\u00f3n cuando el dominicano Adri\u00e1n Beltr\u00e9 regrese de la lista de incapacitados, pero Banister indic\u00f3 que [&hellip;]<\/p>\n","protected":false},"author":3,"featured_media":0,"comment_status":"open","ping_status":"open","sticky":false,"template":"","format":"standard","meta":{"footnotes":""},"categories":[17],"tags":[],"class_list":["post-209472","post","type-post","status-publish","format-standard","hentry","category-deportes"],"_links":{"self":[{"href":"https:\/\/diariodominicano.com\/index.php?rest_route=\/wp\/v2\/posts\/209472","targetHints":{"allow":["GET"]}}],"collection":[{"href":"https:\/\/diariodominicano.com\/index.php?rest_route=\/wp\/v2\/posts"}],"about":[{"href":"https:\/\/diariodominicano.com\/index.php?rest_route=\/wp\/v2\/types\/post"}],"author":[{"embeddable":true,"href":"https:\/\/diariodominicano.com\/index.php?rest_route=\/wp\/v2\/users\/3"}],"replies":[{"embeddable":true,"href":"https:\/\/diariodominicano.com\/index.php?rest_route=%2Fwp%2Fv2%2Fcomments&post=209472"}],"version-history":[{"count":0,"href":"https:\/\/diariodominicano.com\/index.php?rest_route=\/wp\/v2\/posts\/209472\/revisions"}],"wp:attachment":[{"href":"https:\/\/diariodominicano.com\/index.php?rest_route=%2Fwp%2Fv2%2Fmedia&parent=209472"}],"wp:term":[{"taxonomy":"category","embeddable":true,"href":"https:\/\/diariodominicano.com\/index.php?rest_route=%2Fwp%2Fv2%2Fcategories&post=209472"},{"taxonomy":"post_tag","embeddable":true,"href":"https:\/\/diariodominicano.com\/index.php?rest_route=%2Fwp%2Fv2%2Ftags&post=209472"}],"curies":[{"name":"wp","href":"https:\/\/api.w.org\/{rel}","templated":true}]}}