{"id":209452,"date":"2017-05-25T13:41:21","date_gmt":"2017-05-25T13:41:21","guid":{"rendered":"http:\/\/diariodominicano.ddns.net\/?p=209452"},"modified":"2017-05-25T13:41:21","modified_gmt":"2017-05-25T13:41:21","slug":"justicia-espanola-ordena-prision-para-expresidente-del-barcelona-fc","status":"publish","type":"post","link":"https:\/\/diariodominicano.com\/?p=209452","title":{"rendered":"Justicia espa\u00f1ola ordena prisi\u00f3n para expresidente del Barcelona FC"},"content":{"rendered":"<p><body><\/p>\n<p><img decoding=\"async\" src=\"img3\/Preso-Presidente.jpg\" \/>  <\/p>\n<p><span class=\"text1noticias\">Madrid, 25 may (PL) La justicia espa\u00f1ola orden\u00f3 hoy privaci\u00f3n de libertad para Sandro Rosel, expresidente del club de f\u00fatbol Barcelona, por presuntos delitos de corrupci\u00f3n.<\/span><\/p>\n<p><span class=\"text1noticias\"> <\/span><\/p>\n<p><span class=\"text1noticias\">De acuerdo con el informe de la jueza de la Audiencia Nacional, Carmen Lamela, al exdirectivo del equipo azulgrana se le vincula con una red que blanqueaba dinero.<\/span><\/p>\n<p><span class=\"text1noticias\"> <\/span><\/p>\n<p><span class=\"text1noticias\">El dictamen de Lamela, ordena prisi\u00f3n sin fianza para Rosell por el blanqueo de m\u00e1s de 16 millones de d\u00f3lares en la venta de derechos de imagen de la selecci\u00f3n brasile\u00f1a de f\u00fatbol.<\/span><\/p>\n<p><span class=\"text1noticias\"> <\/span><\/p>\n<p><span class=\"text1noticias\">En el documento, la jueza explica que la medida se toma para evitar la posible fuga de Rosell, quien &#8216;formaba parte de una organizaci\u00f3n criminal dedicada a ese negocio procedente de comisiones il\u00edcitas&#8217;.<\/span><\/p>\n<p><span class=\"text1noticias\"> <\/span><\/p>\n<p><span class=\"text1noticias\">La magistrada orden\u00f3 la v\u00edspera la detenci\u00f3n de Rosell como parte de la llamada Operaci\u00f3n Rimet, impulsada por el Bur\u00f3 Federal de Investigaciones de Estados Unidos a ra\u00edz de las investigaciones que se iniciaron en 2015 en el norteamericano pa\u00eds por el esc\u00e1ndalo de corrupci\u00f3n protagonizado por dirigentes de la FIFA.<\/span><\/p>\n<p><span class=\"text1noticias\"> <\/span><\/p>\n<p><span class=\"text1noticias\">El documento precisa que entre 2007 y 2011, el exdirectivo cul\u00e9 oficializ\u00f3 operaciones financieras tendentes a ocultar la verdadera procedencia y titularidad de los fondos por un importe total de 16,8 millones de d\u00f3lares.<\/span><\/p>\n<p><span class=\"text1noticias\"> <\/span><\/p>\n<p><span class=\"text1noticias\">Rosell, de 53 a\u00f1os de edad, fungi\u00f3 como presidente del Barcelona desde el 2010 hasta el 23 de enero de 2014, cuando renunci\u00f3 a su cargo despu\u00e9s de ser acusado de cometer irregularidades en la contrataci\u00f3n del futbolista brasile\u00f1o Neymar en<\/span> 2013.<\/p>\n<h6> 2017-05-25 13:41:21 <\/h6>\n<p><!--\n<link rel=\"stylesheet\" href=\"css\/bootstrap.min.css\">\n\n\n<ul class=\"pagination\">\n\t    \n\t\n\n<li >\n\t<a href='?page_no=8753'>Previous<\/a>\n\t<\/li>\n\n\n       \n    \n\n<li><a href='?page_no=1'>1<\/a><\/li>\n\n\n\n<li><a href='?page_no=2'>2<\/a><\/li>\n\n\n\n<li><a>...<\/a><\/li>\n\n\n\n<li><a href='?page_no=8752'>8752<\/a><\/li>\n\n\n\n<li><a href='?page_no=8753'>8753<\/a><\/li>\n\n\n\n<li class='active'><a>8754<\/a><\/li>\n\n\n\n<li><a href='?page_no=8755'>8755<\/a><\/li>\n\n\n\n<li><a href='?page_no=8756'>8756<\/a><\/li>\n\n\n\n<li><a>...<\/a><\/li>\n\n\n\n<li><a href='?page_no=36618'>36618<\/a><\/li>\n\n\n\n<li><a href='?page_no=36619'>36619<\/a><\/li>\n\n    \n\t\n\n<li >\n\t<a href='?page_no=8755'>Next<\/a>\n\t<\/li>\n\n\n    \n\n<li><a href='?page_no=36619'>Last &rsaquo;&rsaquo;<\/a><\/li>\n\n<\/ul>\n\n\n--><br \/>\n<\/body><\/p>\n","protected":false},"excerpt":{"rendered":"<p>Madrid, 25 may (PL) La justicia espa\u00f1ola orden\u00f3 hoy privaci\u00f3n de libertad para Sandro Rosel, expresidente del club de f\u00fatbol Barcelona, por presuntos delitos de corrupci\u00f3n. De acuerdo con el informe de la jueza de la Audiencia Nacional, Carmen Lamela, al exdirectivo del equipo azulgrana se le vincula con una red que blanqueaba dinero. El [&hellip;]<\/p>\n","protected":false},"author":3,"featured_media":0,"comment_status":"open","ping_status":"open","sticky":false,"template":"","format":"standard","meta":{"footnotes":""},"categories":[17],"tags":[],"class_list":["post-209452","post","type-post","status-publish","format-standard","hentry","category-deportes"],"_links":{"self":[{"href":"https:\/\/diariodominicano.com\/index.php?rest_route=\/wp\/v2\/posts\/209452","targetHints":{"allow":["GET"]}}],"collection":[{"href":"https:\/\/diariodominicano.com\/index.php?rest_route=\/wp\/v2\/posts"}],"about":[{"href":"https:\/\/diariodominicano.com\/index.php?rest_route=\/wp\/v2\/types\/post"}],"author":[{"embeddable":true,"href":"https:\/\/diariodominicano.com\/index.php?rest_route=\/wp\/v2\/users\/3"}],"replies":[{"embeddable":true,"href":"https:\/\/diariodominicano.com\/index.php?rest_route=%2Fwp%2Fv2%2Fcomments&post=209452"}],"version-history":[{"count":0,"href":"https:\/\/diariodominicano.com\/index.php?rest_route=\/wp\/v2\/posts\/209452\/revisions"}],"wp:attachment":[{"href":"https:\/\/diariodominicano.com\/index.php?rest_route=%2Fwp%2Fv2%2Fmedia&parent=209452"}],"wp:term":[{"taxonomy":"category","embeddable":true,"href":"https:\/\/diariodominicano.com\/index.php?rest_route=%2Fwp%2Fv2%2Fcategories&post=209452"},{"taxonomy":"post_tag","embeddable":true,"href":"https:\/\/diariodominicano.com\/index.php?rest_route=%2Fwp%2Fv2%2Ftags&post=209452"}],"curies":[{"name":"wp","href":"https:\/\/api.w.org\/{rel}","templated":true}]}}