{"id":209449,"date":"2017-05-25T14:08:46","date_gmt":"2017-05-25T14:08:46","guid":{"rendered":"http:\/\/diariodominicano.ddns.net\/?p=209449"},"modified":"2017-05-25T14:08:46","modified_gmt":"2017-05-25T14:08:46","slug":"maikel-franco-vuelve-al-lineup-de-los-filis-jeanmar-gomez-fue-activado","status":"publish","type":"post","link":"https:\/\/diariodominicano.com\/?p=209449","title":{"rendered":"Maikel Franco vuelve al lineup de los Filis; Jeanmar G\u00f3mez fue activado"},"content":{"rendered":"<p><body><\/p>\n<p><img decoding=\"async\" src=\"img3\/Franco25.jpg\" \/>  <\/p>\n<p><span class=\"text1noticias\">Por Todd Zolecki \/ MLB.com<\/span><\/p>\n<p><span class=\"text1noticias\">FILADELFIA, 25 de mayo, 2017.- El antesalista dominicano Maikel Franco volvi\u00f3 a la alineaci\u00f3n de los Filis por primera desde el lunes.<\/span><\/p>\n<p><span class=\"text1noticias\"> <\/span><\/p>\n<p><span class=\"text1noticias\">Franco fue el cuarto bate de Filadelfia para el cierre de la serie contra los Rockies.<\/span><\/p>\n<p><span class=\"text1noticias\">El dirigente Pete Mackanin decidi\u00f3 sentar al tercera base para los \u00faltimos dos juegos debido a los problemas de Franco en el plato.<\/span><\/p>\n<\/p>\n<p><span class=\"text1noticias\">Los Filis tambi\u00e9n activaron al relevista venezolano Jeanmar G\u00f3mez. El derecho inici\u00f3 la campa\u00f1a como el cerrador del equipo, pero perdi\u00f3 su puesto despu\u00e9s de apenas dos presentaciones. El 6 de mayo pas\u00f3 a la lista de incapacitados debido a una molestia en el codo derecho.<\/span><\/p>\n<\/p>\n<p><span class=\"text1noticias\">En nueve juegos este a\u00f1o, G\u00f3mez lleva foja de 2-1 con promedio de carreras limpias de 7.94. El diestro ha concedido 15 imparables, 11 carreras y cuatro jonrones con cinco pasaportes otorgados en apenas 11 1\/3 cap\u00edtulos. G\u00f3mez, quien ahora se perfila como relevo medio de los Filis, ha recetado 11 ponches<\/span>.<\/p>\n<h6> 2017-05-25 14:08:46 <\/h6>\n<p><!--\n<link rel=\"stylesheet\" href=\"css\/bootstrap.min.css\">\n\n\n<ul class=\"pagination\">\n\t    \n\t\n\n<li >\n\t<a href='?page_no=8750'>Previous<\/a>\n\t<\/li>\n\n\n       \n    \n\n<li><a href='?page_no=1'>1<\/a><\/li>\n\n\n\n<li><a href='?page_no=2'>2<\/a><\/li>\n\n\n\n<li><a>...<\/a><\/li>\n\n\n\n<li><a href='?page_no=8749'>8749<\/a><\/li>\n\n\n\n<li><a href='?page_no=8750'>8750<\/a><\/li>\n\n\n\n<li class='active'><a>8751<\/a><\/li>\n\n\n\n<li><a href='?page_no=8752'>8752<\/a><\/li>\n\n\n\n<li><a href='?page_no=8753'>8753<\/a><\/li>\n\n\n\n<li><a>...<\/a><\/li>\n\n\n\n<li><a href='?page_no=36618'>36618<\/a><\/li>\n\n\n\n<li><a href='?page_no=36619'>36619<\/a><\/li>\n\n    \n\t\n\n<li >\n\t<a href='?page_no=8752'>Next<\/a>\n\t<\/li>\n\n\n    \n\n<li><a href='?page_no=36619'>Last &rsaquo;&rsaquo;<\/a><\/li>\n\n<\/ul>\n\n\n--><br \/>\n<\/body><\/p>\n","protected":false},"excerpt":{"rendered":"<p>Por Todd Zolecki \/ MLB.com FILADELFIA, 25 de mayo, 2017.- El antesalista dominicano Maikel Franco volvi\u00f3 a la alineaci\u00f3n de los Filis por primera desde el lunes. Franco fue el cuarto bate de Filadelfia para el cierre de la serie contra los Rockies. El dirigente Pete Mackanin decidi\u00f3 sentar al tercera base para los \u00faltimos [&hellip;]<\/p>\n","protected":false},"author":3,"featured_media":0,"comment_status":"open","ping_status":"open","sticky":false,"template":"","format":"standard","meta":{"footnotes":""},"categories":[17],"tags":[],"class_list":["post-209449","post","type-post","status-publish","format-standard","hentry","category-deportes"],"_links":{"self":[{"href":"https:\/\/diariodominicano.com\/index.php?rest_route=\/wp\/v2\/posts\/209449","targetHints":{"allow":["GET"]}}],"collection":[{"href":"https:\/\/diariodominicano.com\/index.php?rest_route=\/wp\/v2\/posts"}],"about":[{"href":"https:\/\/diariodominicano.com\/index.php?rest_route=\/wp\/v2\/types\/post"}],"author":[{"embeddable":true,"href":"https:\/\/diariodominicano.com\/index.php?rest_route=\/wp\/v2\/users\/3"}],"replies":[{"embeddable":true,"href":"https:\/\/diariodominicano.com\/index.php?rest_route=%2Fwp%2Fv2%2Fcomments&post=209449"}],"version-history":[{"count":0,"href":"https:\/\/diariodominicano.com\/index.php?rest_route=\/wp\/v2\/posts\/209449\/revisions"}],"wp:attachment":[{"href":"https:\/\/diariodominicano.com\/index.php?rest_route=%2Fwp%2Fv2%2Fmedia&parent=209449"}],"wp:term":[{"taxonomy":"category","embeddable":true,"href":"https:\/\/diariodominicano.com\/index.php?rest_route=%2Fwp%2Fv2%2Fcategories&post=209449"},{"taxonomy":"post_tag","embeddable":true,"href":"https:\/\/diariodominicano.com\/index.php?rest_route=%2Fwp%2Fv2%2Ftags&post=209449"}],"curies":[{"name":"wp","href":"https:\/\/api.w.org\/{rel}","templated":true}]}}