{"id":209439,"date":"2017-05-26T13:53:26","date_gmt":"2017-05-26T13:53:26","guid":{"rendered":"http:\/\/diariodominicano.ddns.net\/?p=209439"},"modified":"2017-05-26T13:53:26","modified_gmt":"2017-05-26T13:53:26","slug":"tom-lasorda-hospitalizado-tras-cirugia-para-reemplazar-marcapaso","status":"publish","type":"post","link":"https:\/\/diariodominicano.com\/?p=209439","title":{"rendered":"Tom Lasorda hospitalizado tras cirug\u00eda para reemplazar marcapaso"},"content":{"rendered":"<p><body><\/p>\n<p><img decoding=\"async\" src=\"img3\/Tommy_Lasorda26.jpg\" \/>  <\/p>\n<p><span class=\"text1noticias\">Associated Press<\/span><\/p>\n<\/p>\n<p><span class=\"text1noticias\">LOS ANGELES, 26 de mayo, 2017.- Tom Lasorda se recupera en un hospital despu\u00e9s de una cirug\u00eda para reemplazar su marcapasos, informaron el viernes los Dodgers de Los Angeles.<\/span><\/p>\n<p><span class=\"text1noticias\"> <\/span><\/p>\n<p><span class=\"text1noticias\">El equipo indic\u00f3 que el ex manager del equipo y miembro del Sal\u00f3n de la Fama del b\u00e9isbol \u00abest\u00e1 bien\u00bb tras la operaci\u00f3n del jueves.<\/span><\/p>\n<\/p>\n<p><span class=\"text1noticias\">Un funcionario de los Dodgers indic\u00f3 que Lasorda estar\u00e1 en rehabilitaci\u00f3n por unos cuantos d\u00edas antes de ser dado de alta del hospital, donde el ex dirigente de 89 a\u00f1os lleva varios d\u00edas.<\/span><\/p>\n<\/p>\n<p><span class=\"text1noticias\">Lasorda es un asesor especial del director de la junta del equipo. Bajo su conducci\u00f3n, los Dodgers ganaron dos campeonatos de Serie Mundial, incluyendo el \u00faltimo del equipo en 1988. Lasorda lleva casi siete d\u00e9cadas con la organizaci\u00f3n, donde comenz\u00f3 como pitcher en las ligas menores en 1949<\/span>.<\/p>\n<h6> 2017-05-26 13:53:26 <\/h6>\n<p><!--\n<link rel=\"stylesheet\" href=\"css\/bootstrap.min.css\">\n\n\n<ul class=\"pagination\">\n\t    \n\t\n\n<li >\n\t<a href='?page_no=8741'>Previous<\/a>\n\t<\/li>\n\n\n       \n    \n\n<li><a href='?page_no=1'>1<\/a><\/li>\n\n\n\n<li><a href='?page_no=2'>2<\/a><\/li>\n\n\n\n<li><a>...<\/a><\/li>\n\n\n\n<li><a href='?page_no=8740'>8740<\/a><\/li>\n\n\n\n<li><a href='?page_no=8741'>8741<\/a><\/li>\n\n\n\n<li class='active'><a>8742<\/a><\/li>\n\n\n\n<li><a href='?page_no=8743'>8743<\/a><\/li>\n\n\n\n<li><a href='?page_no=8744'>8744<\/a><\/li>\n\n\n\n<li><a>...<\/a><\/li>\n\n\n\n<li><a href='?page_no=36618'>36618<\/a><\/li>\n\n\n\n<li><a href='?page_no=36619'>36619<\/a><\/li>\n\n    \n\t\n\n<li >\n\t<a href='?page_no=8743'>Next<\/a>\n\t<\/li>\n\n\n    \n\n<li><a href='?page_no=36619'>Last &rsaquo;&rsaquo;<\/a><\/li>\n\n<\/ul>\n\n\n--><br \/>\n<\/body><\/p>\n","protected":false},"excerpt":{"rendered":"<p>Associated Press LOS ANGELES, 26 de mayo, 2017.- Tom Lasorda se recupera en un hospital despu\u00e9s de una cirug\u00eda para reemplazar su marcapasos, informaron el viernes los Dodgers de Los Angeles. El equipo indic\u00f3 que el ex manager del equipo y miembro del Sal\u00f3n de la Fama del b\u00e9isbol \u00abest\u00e1 bien\u00bb tras la operaci\u00f3n del [&hellip;]<\/p>\n","protected":false},"author":3,"featured_media":0,"comment_status":"open","ping_status":"open","sticky":false,"template":"","format":"standard","meta":{"footnotes":""},"categories":[17],"tags":[],"class_list":["post-209439","post","type-post","status-publish","format-standard","hentry","category-deportes"],"_links":{"self":[{"href":"https:\/\/diariodominicano.com\/index.php?rest_route=\/wp\/v2\/posts\/209439","targetHints":{"allow":["GET"]}}],"collection":[{"href":"https:\/\/diariodominicano.com\/index.php?rest_route=\/wp\/v2\/posts"}],"about":[{"href":"https:\/\/diariodominicano.com\/index.php?rest_route=\/wp\/v2\/types\/post"}],"author":[{"embeddable":true,"href":"https:\/\/diariodominicano.com\/index.php?rest_route=\/wp\/v2\/users\/3"}],"replies":[{"embeddable":true,"href":"https:\/\/diariodominicano.com\/index.php?rest_route=%2Fwp%2Fv2%2Fcomments&post=209439"}],"version-history":[{"count":0,"href":"https:\/\/diariodominicano.com\/index.php?rest_route=\/wp\/v2\/posts\/209439\/revisions"}],"wp:attachment":[{"href":"https:\/\/diariodominicano.com\/index.php?rest_route=%2Fwp%2Fv2%2Fmedia&parent=209439"}],"wp:term":[{"taxonomy":"category","embeddable":true,"href":"https:\/\/diariodominicano.com\/index.php?rest_route=%2Fwp%2Fv2%2Fcategories&post=209439"},{"taxonomy":"post_tag","embeddable":true,"href":"https:\/\/diariodominicano.com\/index.php?rest_route=%2Fwp%2Fv2%2Ftags&post=209439"}],"curies":[{"name":"wp","href":"https:\/\/api.w.org\/{rel}","templated":true}]}}