{"id":209426,"date":"2017-05-29T08:17:08","date_gmt":"2017-05-29T08:17:08","guid":{"rendered":"http:\/\/diariodominicano.ddns.net\/?p=209426"},"modified":"2017-05-29T08:17:08","modified_gmt":"2017-05-29T08:17:08","slug":"tom-lasorda-ya-descansa-en-su-casa-tras-exitosa-cirugia","status":"publish","type":"post","link":"https:\/\/diariodominicano.com\/?p=209426","title":{"rendered":"Tom LaSorda ya descansa en su casa tras exitosa cirug\u00eda"},"content":{"rendered":"<p><body><\/p>\n<p><img decoding=\"async\" src=\"img3\/tom.jpg\" \/>  <\/p>\n<p>LOS \u00c1NGELES, 29 de mayo.- El miembro del Sal\u00f3n de la Fama Tommy Lasorda fue dado de alta del hospital el domingo y se encuentra descansando en su casa tras haber sido sometido el viernes a una cirug\u00eda para colocarle un nuevo marcapasos.<\/p>\n<\/p>\n<p>\u00abTommy Lasorda fue dado de alta del hospital y se encuentra en su casa descansando\u00bb, anunciaron los Dodgers en su cuenta de Twitter.<\/p>\n<\/p>\n<p>Lasorda, de 89 a\u00f1os, hab\u00eda estado hospitalizado desde principios de mes. Recibi\u00f3 su primer marcapasos tras despu\u00e9s de un paro cardiaco en el 2012, el segundo que sufr\u00eda. Un paro cardiaco en 1996 lo oblig\u00f3 a dejar su cargo de manager. Fue exaltado al Sal\u00f3n de la Fama del B\u00e9isbol en 1997.<\/p>\n<\/p>\n<p>En su 68va temporada con los Dodgers, Lasorda se desempe\u00f1a como consejero especial del propietario Mark Walter.<\/p>\n<h6> 2017-05-29 08:17:08 <\/h6>\n<p><!--\n<link rel=\"stylesheet\" href=\"css\/bootstrap.min.css\">\n\n\n<ul class=\"pagination\">\n\t    \n\t\n\n<li >\n\t<a href='?page_no=8729'>Previous<\/a>\n\t<\/li>\n\n\n       \n    \n\n<li><a href='?page_no=1'>1<\/a><\/li>\n\n\n\n<li><a href='?page_no=2'>2<\/a><\/li>\n\n\n\n<li><a>...<\/a><\/li>\n\n\n\n<li><a href='?page_no=8728'>8728<\/a><\/li>\n\n\n\n<li><a href='?page_no=8729'>8729<\/a><\/li>\n\n\n\n<li class='active'><a>8730<\/a><\/li>\n\n\n\n<li><a href='?page_no=8731'>8731<\/a><\/li>\n\n\n\n<li><a href='?page_no=8732'>8732<\/a><\/li>\n\n\n\n<li><a>...<\/a><\/li>\n\n\n\n<li><a href='?page_no=36618'>36618<\/a><\/li>\n\n\n\n<li><a href='?page_no=36619'>36619<\/a><\/li>\n\n    \n\t\n\n<li >\n\t<a href='?page_no=8731'>Next<\/a>\n\t<\/li>\n\n\n    \n\n<li><a href='?page_no=36619'>Last &rsaquo;&rsaquo;<\/a><\/li>\n\n<\/ul>\n\n\n--><br \/>\n<\/body><\/p>\n","protected":false},"excerpt":{"rendered":"<p>LOS \u00c1NGELES, 29 de mayo.- El miembro del Sal\u00f3n de la Fama Tommy Lasorda fue dado de alta del hospital el domingo y se encuentra descansando en su casa tras haber sido sometido el viernes a una cirug\u00eda para colocarle un nuevo marcapasos. \u00abTommy Lasorda fue dado de alta del hospital y se encuentra en [&hellip;]<\/p>\n","protected":false},"author":3,"featured_media":0,"comment_status":"open","ping_status":"open","sticky":false,"template":"","format":"standard","meta":{"footnotes":""},"categories":[17],"tags":[],"class_list":["post-209426","post","type-post","status-publish","format-standard","hentry","category-deportes"],"_links":{"self":[{"href":"https:\/\/diariodominicano.com\/index.php?rest_route=\/wp\/v2\/posts\/209426","targetHints":{"allow":["GET"]}}],"collection":[{"href":"https:\/\/diariodominicano.com\/index.php?rest_route=\/wp\/v2\/posts"}],"about":[{"href":"https:\/\/diariodominicano.com\/index.php?rest_route=\/wp\/v2\/types\/post"}],"author":[{"embeddable":true,"href":"https:\/\/diariodominicano.com\/index.php?rest_route=\/wp\/v2\/users\/3"}],"replies":[{"embeddable":true,"href":"https:\/\/diariodominicano.com\/index.php?rest_route=%2Fwp%2Fv2%2Fcomments&post=209426"}],"version-history":[{"count":0,"href":"https:\/\/diariodominicano.com\/index.php?rest_route=\/wp\/v2\/posts\/209426\/revisions"}],"wp:attachment":[{"href":"https:\/\/diariodominicano.com\/index.php?rest_route=%2Fwp%2Fv2%2Fmedia&parent=209426"}],"wp:term":[{"taxonomy":"category","embeddable":true,"href":"https:\/\/diariodominicano.com\/index.php?rest_route=%2Fwp%2Fv2%2Fcategories&post=209426"},{"taxonomy":"post_tag","embeddable":true,"href":"https:\/\/diariodominicano.com\/index.php?rest_route=%2Fwp%2Fv2%2Ftags&post=209426"}],"curies":[{"name":"wp","href":"https:\/\/api.w.org\/{rel}","templated":true}]}}