{"id":209424,"date":"2017-05-29T15:13:58","date_gmt":"2017-05-29T15:13:58","guid":{"rendered":"http:\/\/diariodominicano.ddns.net\/?p=209424"},"modified":"2017-05-29T15:13:58","modified_gmt":"2017-05-29T15:13:58","slug":"espanol-ernesto-valverde-dirigira-al-club-barcelona-de-futbol","status":"publish","type":"post","link":"https:\/\/diariodominicano.com\/?p=209424","title":{"rendered":"Espa\u00f1ol Ernesto Valverde dirigir\u00e1 al club Barcelona de f\u00fatbol"},"content":{"rendered":"<p><body><\/p>\n<p><img decoding=\"async\" src=\"img3\/29.jpg\" \/>  <\/p>\n<p><span class=\"text1noticias\">Barcelona, Espa\u00f1a, 29 may (PL) El entrenador espa\u00f1ol Ernesto Valverde ser\u00e1 el nuevo t\u00e9cnico del club de f\u00fatbol Barcelona para la pr\u00f3xima temporada, confirm\u00f3 hoy aqu\u00ed su presidente Josep Mar\u00eda Bartomeu.<\/span><\/p>\n<p><span class=\"text1noticias\"> <\/span><\/p>\n<p><span class=\"text1noticias\">En conferencia de prensa, Bartomeu asegur\u00f3 que el exdirector del Athletic de Bilbao tiene todos los atributos para guiar los destinos del equipo azulgrana y augur\u00f3 buenos resultados para \u00e9l y sus hombres en el futuro.<\/span><\/p>\n<p><span class=\"text1noticias\"> <\/span><\/p>\n<p><span class=\"text1noticias\">&#8216;\u00c9l tiene capacidad, criterio, conocimiento, experiencia. Le gusta trabajar con el f\u00fatbol base, tiene un estilo como el del Bar\u00e7a y es un apasionado de las nuevas tecnolog\u00edas en entrenamientos y partidos&#8217;, destac\u00f3 Bartomeu a los medios.<\/span><\/p>\n<p><span class=\"text1noticias\"> <\/span><\/p>\n<p><span class=\"text1noticias\">Valverde, de 53 a\u00f1os de edad y jugador cul\u00e9 entre 1988-1990, inici\u00f3 su carrera profesional como director t\u00e9cnico al frente del Athletic en la campa\u00f1a 2003 y se mantuvo all\u00ed hasta 2005.<\/span><\/p>\n<p><span class=\"text1noticias\"> <\/span><\/p>\n<p><span class=\"text1noticias\">Posteriormente dirigi\u00f3 a elencos como el Espanyol, entre 2006 y 2008, el griego Olympiacos (2008-2009 y 2010-2012), Villarreal (2009-2010), Valencia (2012-2013) y el Athletic Club desde el 2013 hasta la semana pasada cuando se desvincul\u00f3 de \u00e9ste.<\/span><\/p>\n<p><span class=\"text1noticias\"> <\/span><\/p>\n<p><span class=\"text1noticias\">Al frente de los &#8216;Leones&#8217;, Valverde consigui\u00f3 llevar al equipo a la Liga de Campeones de Europa en la que elimin\u00f3 en la fase previa al italiano N\u00e1poles; tambi\u00e9n los incluy\u00f3 en la Liga Europa y a nivel nacional los gui\u00f3 a la conquista de la Supercopa de Espa\u00f1a en 2015, cuando gole\u00f3 4-0 al Barcelona de Luis Enrique en San M<\/span>am\u00e9s.<\/p>\n<h6> 2017-05-29 15:13:58 <\/h6>\n<p><!--\n<link rel=\"stylesheet\" href=\"css\/bootstrap.min.css\">\n\n\n<ul class=\"pagination\">\n\t    \n\t\n\n<li >\n\t<a href='?page_no=8728'>Previous<\/a>\n\t<\/li>\n\n\n       \n    \n\n<li><a href='?page_no=1'>1<\/a><\/li>\n\n\n\n<li><a href='?page_no=2'>2<\/a><\/li>\n\n\n\n<li><a>...<\/a><\/li>\n\n\n\n<li><a href='?page_no=8727'>8727<\/a><\/li>\n\n\n\n<li><a href='?page_no=8728'>8728<\/a><\/li>\n\n\n\n<li class='active'><a>8729<\/a><\/li>\n\n\n\n<li><a href='?page_no=8730'>8730<\/a><\/li>\n\n\n\n<li><a href='?page_no=8731'>8731<\/a><\/li>\n\n\n\n<li><a>...<\/a><\/li>\n\n\n\n<li><a href='?page_no=36618'>36618<\/a><\/li>\n\n\n\n<li><a href='?page_no=36619'>36619<\/a><\/li>\n\n    \n\t\n\n<li >\n\t<a href='?page_no=8730'>Next<\/a>\n\t<\/li>\n\n\n    \n\n<li><a href='?page_no=36619'>Last &rsaquo;&rsaquo;<\/a><\/li>\n\n<\/ul>\n\n\n--><br \/>\n<\/body><\/p>\n","protected":false},"excerpt":{"rendered":"<p>Barcelona, Espa\u00f1a, 29 may (PL) El entrenador espa\u00f1ol Ernesto Valverde ser\u00e1 el nuevo t\u00e9cnico del club de f\u00fatbol Barcelona para la pr\u00f3xima temporada, confirm\u00f3 hoy aqu\u00ed su presidente Josep Mar\u00eda Bartomeu. En conferencia de prensa, Bartomeu asegur\u00f3 que el exdirector del Athletic de Bilbao tiene todos los atributos para guiar los destinos del equipo azulgrana [&hellip;]<\/p>\n","protected":false},"author":3,"featured_media":0,"comment_status":"open","ping_status":"open","sticky":false,"template":"","format":"standard","meta":{"footnotes":""},"categories":[17],"tags":[],"class_list":["post-209424","post","type-post","status-publish","format-standard","hentry","category-deportes"],"_links":{"self":[{"href":"https:\/\/diariodominicano.com\/index.php?rest_route=\/wp\/v2\/posts\/209424","targetHints":{"allow":["GET"]}}],"collection":[{"href":"https:\/\/diariodominicano.com\/index.php?rest_route=\/wp\/v2\/posts"}],"about":[{"href":"https:\/\/diariodominicano.com\/index.php?rest_route=\/wp\/v2\/types\/post"}],"author":[{"embeddable":true,"href":"https:\/\/diariodominicano.com\/index.php?rest_route=\/wp\/v2\/users\/3"}],"replies":[{"embeddable":true,"href":"https:\/\/diariodominicano.com\/index.php?rest_route=%2Fwp%2Fv2%2Fcomments&post=209424"}],"version-history":[{"count":0,"href":"https:\/\/diariodominicano.com\/index.php?rest_route=\/wp\/v2\/posts\/209424\/revisions"}],"wp:attachment":[{"href":"https:\/\/diariodominicano.com\/index.php?rest_route=%2Fwp%2Fv2%2Fmedia&parent=209424"}],"wp:term":[{"taxonomy":"category","embeddable":true,"href":"https:\/\/diariodominicano.com\/index.php?rest_route=%2Fwp%2Fv2%2Fcategories&post=209424"},{"taxonomy":"post_tag","embeddable":true,"href":"https:\/\/diariodominicano.com\/index.php?rest_route=%2Fwp%2Fv2%2Ftags&post=209424"}],"curies":[{"name":"wp","href":"https:\/\/api.w.org\/{rel}","templated":true}]}}