{"id":209422,"date":"2017-05-29T15:34:47","date_gmt":"2017-05-29T15:34:47","guid":{"rendered":"http:\/\/diariodominicano.ddns.net\/?p=209422"},"modified":"2017-05-29T15:34:47","modified_gmt":"2017-05-29T15:34:47","slug":"dustin-pedroia-deja-el-encuentro-entre-boston-y-chicago-al-lastimarse-una-muneca","status":"publish","type":"post","link":"https:\/\/diariodominicano.com\/?p=209422","title":{"rendered":"Dustin Pedroia deja el encuentro entre Boston y Chicago al lastimarse una mu\u00f1eca"},"content":{"rendered":"<p><body><\/p>\n<p><span class=\"text1noticias\">Por Ian Browne \/ MLB.com <\/span><\/p>\n<p><span class=\"text1noticias\">CHICAGO, 29 de mayo, 2017.&#8211; Dustin Pedroia dej\u00f3 el juego del lunes contra los Medias Blancas en el cierre del segundo inning tras sufrir una torcedura en la mu\u00f1eca izquierda.<\/span><\/p>\n<p><span class=\"text1noticias\"> <\/span><\/p>\n<p><span class=\"text1noticias\">La lesi\u00f3n se produjo casi con seguridad cuando Pedroia choc\u00f3 en la inicial con el cubano Jos\u00e9 Abreu durante la parte alta del primer inning.<\/span><\/p>\n<\/p>\n<p><span class=\"text1noticias\">En un rodado con direcci\u00f3n a Abreu, el lanzador de los Medias Blancas David Holmbger pareci\u00f3 entrar tarde a cubrir en la inicial. Abreu entonces corri\u00f3 para hacer el out y se desliz\u00f3 hacia la base para asegurarse de llegar a tiempo. Fue all\u00ed cuando Pedroia, que ven\u00eda corriendo sobre la raya, tropez\u00f3 con \u00e9l al llegar a la base.<\/span><\/p>\n<\/p>\n<h6> 2017-05-29 15:34:47 <\/h6>\n<p><!--\n<link rel=\"stylesheet\" href=\"css\/bootstrap.min.css\">\n\n\n<ul class=\"pagination\">\n\t    \n\t\n\n<li >\n\t<a href='?page_no=8726'>Previous<\/a>\n\t<\/li>\n\n\n       \n    \n\n<li><a href='?page_no=1'>1<\/a><\/li>\n\n\n\n<li><a href='?page_no=2'>2<\/a><\/li>\n\n\n\n<li><a>...<\/a><\/li>\n\n\n\n<li><a href='?page_no=8725'>8725<\/a><\/li>\n\n\n\n<li><a href='?page_no=8726'>8726<\/a><\/li>\n\n\n\n<li class='active'><a>8727<\/a><\/li>\n\n\n\n<li><a href='?page_no=8728'>8728<\/a><\/li>\n\n\n\n<li><a href='?page_no=8729'>8729<\/a><\/li>\n\n\n\n<li><a>...<\/a><\/li>\n\n\n\n<li><a href='?page_no=36618'>36618<\/a><\/li>\n\n\n\n<li><a href='?page_no=36619'>36619<\/a><\/li>\n\n    \n\t\n\n<li >\n\t<a href='?page_no=8728'>Next<\/a>\n\t<\/li>\n\n\n    \n\n<li><a href='?page_no=36619'>Last &rsaquo;&rsaquo;<\/a><\/li>\n\n<\/ul>\n\n\n--><br \/>\n<\/body><\/p>\n","protected":false},"excerpt":{"rendered":"<p>Por Ian Browne \/ MLB.com CHICAGO, 29 de mayo, 2017.&#8211; Dustin Pedroia dej\u00f3 el juego del lunes contra los Medias Blancas en el cierre del segundo inning tras sufrir una torcedura en la mu\u00f1eca izquierda. La lesi\u00f3n se produjo casi con seguridad cuando Pedroia choc\u00f3 en la inicial con el cubano Jos\u00e9 Abreu durante la [&hellip;]<\/p>\n","protected":false},"author":3,"featured_media":0,"comment_status":"open","ping_status":"open","sticky":false,"template":"","format":"standard","meta":{"footnotes":""},"categories":[17],"tags":[],"class_list":["post-209422","post","type-post","status-publish","format-standard","hentry","category-deportes"],"_links":{"self":[{"href":"https:\/\/diariodominicano.com\/index.php?rest_route=\/wp\/v2\/posts\/209422","targetHints":{"allow":["GET"]}}],"collection":[{"href":"https:\/\/diariodominicano.com\/index.php?rest_route=\/wp\/v2\/posts"}],"about":[{"href":"https:\/\/diariodominicano.com\/index.php?rest_route=\/wp\/v2\/types\/post"}],"author":[{"embeddable":true,"href":"https:\/\/diariodominicano.com\/index.php?rest_route=\/wp\/v2\/users\/3"}],"replies":[{"embeddable":true,"href":"https:\/\/diariodominicano.com\/index.php?rest_route=%2Fwp%2Fv2%2Fcomments&post=209422"}],"version-history":[{"count":0,"href":"https:\/\/diariodominicano.com\/index.php?rest_route=\/wp\/v2\/posts\/209422\/revisions"}],"wp:attachment":[{"href":"https:\/\/diariodominicano.com\/index.php?rest_route=%2Fwp%2Fv2%2Fmedia&parent=209422"}],"wp:term":[{"taxonomy":"category","embeddable":true,"href":"https:\/\/diariodominicano.com\/index.php?rest_route=%2Fwp%2Fv2%2Fcategories&post=209422"},{"taxonomy":"post_tag","embeddable":true,"href":"https:\/\/diariodominicano.com\/index.php?rest_route=%2Fwp%2Fv2%2Ftags&post=209422"}],"curies":[{"name":"wp","href":"https:\/\/api.w.org\/{rel}","templated":true}]}}