{"id":209420,"date":"2017-05-29T15:49:17","date_gmt":"2017-05-29T15:49:17","guid":{"rendered":"http:\/\/diariodominicano.ddns.net\/?p=209420"},"modified":"2017-05-29T15:49:17","modified_gmt":"2017-05-29T15:49:17","slug":"steven-matz-brilla-en-su-segunda-apertura-de-rehabilitacion","status":"publish","type":"post","link":"https:\/\/diariodominicano.com\/?p=209420","title":{"rendered":"Steven Matz brilla en su segunda apertura de rehabilitaci\u00f3n"},"content":{"rendered":"<p><body><\/p>\n<p><span class=\"text1noticias\">Por Bob Cohn \/ Especial para MLB.com, 29 de mayo, 2017.- PITTSBURGH &#8212; La mala noticia para los Mets acerca del jardinero cubano Yoenis C\u00e9spedes fue seguida por la buena noticia sobre el zurdo Steven Matz.<\/span><\/p>\n<p><span class=\"text1noticias\"> <\/span><\/p>\n<p><span class=\"text1noticias\">Matz, quien se esperaba fuera una figura fija en el cuerpo monticular de Nueva York y no ha tirado en la temporada regular debido a una molestia en el codo de lanzar, realiz\u00f3 su segunda apertura de rehabilitaci\u00f3n por Triple-A Las Vegas. El abridor tir\u00f3 cinco entradas en blanco, sin conceder hits con ocho ponches y sin otorgar boletos. Realiz\u00f3 73 lanzamientos, 50 para strike.<\/span><\/p>\n<\/p>\n<p><span class=\"text1noticias\">El zurdo, quien tuvo marca de 9-8 con 3.40 de efectividad en 22 presentaciones la campa\u00f1a pasada, est\u00e1 en la lista de incapacitados debido a un tir\u00f3n en un tend\u00f3n del codo.<\/span><\/p>\n<\/p>\n<p><span class=\"text1noticias\">Por otra parte, C\u00e9spedes vio sus actividades suspendidas despu\u00e9s de sentir una molestia en el muslo derecho luego de correr las bases en su primer partido de rehabilitaci\u00f3n el viernes pasado. El toletero se encuentra en la lista de lesionados de 10 d\u00edas desde el 28 de abril por un tir\u00f3n en la corva izquierda<\/span>.<\/p>\n<h6> 2017-05-29 15:49:17 <\/h6>\n<p><!--\n<link rel=\"stylesheet\" href=\"css\/bootstrap.min.css\">\n\n\n<ul class=\"pagination\">\n\t    \n\t\n\n<li >\n\t<a href='?page_no=8724'>Previous<\/a>\n\t<\/li>\n\n\n       \n    \n\n<li><a href='?page_no=1'>1<\/a><\/li>\n\n\n\n<li><a href='?page_no=2'>2<\/a><\/li>\n\n\n\n<li><a>...<\/a><\/li>\n\n\n\n<li><a href='?page_no=8723'>8723<\/a><\/li>\n\n\n\n<li><a href='?page_no=8724'>8724<\/a><\/li>\n\n\n\n<li class='active'><a>8725<\/a><\/li>\n\n\n\n<li><a href='?page_no=8726'>8726<\/a><\/li>\n\n\n\n<li><a href='?page_no=8727'>8727<\/a><\/li>\n\n\n\n<li><a>...<\/a><\/li>\n\n\n\n<li><a href='?page_no=36618'>36618<\/a><\/li>\n\n\n\n<li><a href='?page_no=36619'>36619<\/a><\/li>\n\n    \n\t\n\n<li >\n\t<a href='?page_no=8726'>Next<\/a>\n\t<\/li>\n\n\n    \n\n<li><a href='?page_no=36619'>Last &rsaquo;&rsaquo;<\/a><\/li>\n\n<\/ul>\n\n\n--><br \/>\n<\/body><\/p>\n","protected":false},"excerpt":{"rendered":"<p>Por Bob Cohn \/ Especial para MLB.com, 29 de mayo, 2017.- PITTSBURGH &#8212; La mala noticia para los Mets acerca del jardinero cubano Yoenis C\u00e9spedes fue seguida por la buena noticia sobre el zurdo Steven Matz. Matz, quien se esperaba fuera una figura fija en el cuerpo monticular de Nueva York y no ha tirado [&hellip;]<\/p>\n","protected":false},"author":3,"featured_media":0,"comment_status":"open","ping_status":"open","sticky":false,"template":"","format":"standard","meta":{"footnotes":""},"categories":[17],"tags":[],"class_list":["post-209420","post","type-post","status-publish","format-standard","hentry","category-deportes"],"_links":{"self":[{"href":"https:\/\/diariodominicano.com\/index.php?rest_route=\/wp\/v2\/posts\/209420","targetHints":{"allow":["GET"]}}],"collection":[{"href":"https:\/\/diariodominicano.com\/index.php?rest_route=\/wp\/v2\/posts"}],"about":[{"href":"https:\/\/diariodominicano.com\/index.php?rest_route=\/wp\/v2\/types\/post"}],"author":[{"embeddable":true,"href":"https:\/\/diariodominicano.com\/index.php?rest_route=\/wp\/v2\/users\/3"}],"replies":[{"embeddable":true,"href":"https:\/\/diariodominicano.com\/index.php?rest_route=%2Fwp%2Fv2%2Fcomments&post=209420"}],"version-history":[{"count":0,"href":"https:\/\/diariodominicano.com\/index.php?rest_route=\/wp\/v2\/posts\/209420\/revisions"}],"wp:attachment":[{"href":"https:\/\/diariodominicano.com\/index.php?rest_route=%2Fwp%2Fv2%2Fmedia&parent=209420"}],"wp:term":[{"taxonomy":"category","embeddable":true,"href":"https:\/\/diariodominicano.com\/index.php?rest_route=%2Fwp%2Fv2%2Fcategories&post=209420"},{"taxonomy":"post_tag","embeddable":true,"href":"https:\/\/diariodominicano.com\/index.php?rest_route=%2Fwp%2Fv2%2Ftags&post=209420"}],"curies":[{"name":"wp","href":"https:\/\/api.w.org\/{rel}","templated":true}]}}