{"id":209411,"date":"2017-05-30T16:06:41","date_gmt":"2017-05-30T16:06:41","guid":{"rendered":"http:\/\/diariodominicano.ddns.net\/?p=209411"},"modified":"2017-05-30T16:06:41","modified_gmt":"2017-05-30T16:06:41","slug":"portugal-elimino-a-corea-del-sur-en-octavos-del-mundial-sub-20","status":"publish","type":"post","link":"https:\/\/diariodominicano.com\/?p=209411","title":{"rendered":"Portugal elimin\u00f3 a Corea del Sur en octavos del Mundial sub-20"},"content":{"rendered":"<p><body><\/p>\n<p><span class=\"text1noticias\">Cheonan, Corea del Sur, 30 may (PL) La selecci\u00f3n sub-20 de f\u00fatbol de Portugal avanz\u00f3 hoy a cuartos de final de la Copa Mundial de esa disciplina al vencer por 3-1 goles a la escuadra de Corea del Sur.<\/span><\/p>\n<p><span class=\"text1noticias\"> <\/span><\/p>\n<p><span class=\"text1noticias\">El conjunto luso cont\u00f3 con dos goles del centrocampista del Sporting de Braga Bruno Almeida &#8216;Xadas&#8217; (minutos 10 y 69) y uno de Bruno Costa (27), para dar la sorpresa ante el anfitri\u00f3n del torneo, que lleg\u00f3 al cruce de octavos como segunda de la llave A, con sendos triunfos ante Argentina y Guinea.<\/span><\/p>\n<p><span class=\"text1noticias\"> <\/span><\/p>\n<p><span class=\"text1noticias\">Lee Sangheon (81), del Ulsan Hyundai surcoreano, descont\u00f3 por los locales.<\/span><\/p>\n<p><span class=\"text1noticias\"> <\/span><\/p>\n<p><span class=\"text1noticias\">Portugal, que pas\u00f3 a octavos gracias a un gol postrero en la \u00faltima fecha ante Ir\u00e1n (2-1), igual\u00f3 su actuaci\u00f3n de la cita mundialista de Nueva Zelanda 2015, cuando cay\u00f3 en cuartos de final del torneo ante Brasil.<\/span><\/p>\n<p><span class=\"text1noticias\"> <\/span><\/p>\n<p><span class=\"text1noticias\">Ahora los portugueses esperan por rival al ganador del choque del mi\u00e9rcoles entre los equipos de Uruguay y Arabia Saud<\/span>ita.<\/p>\n<h6> 2017-05-30 16:06:41 <\/h6>\n<p><!--\n<link rel=\"stylesheet\" href=\"css\/bootstrap.min.css\">\n\n\n<ul class=\"pagination\">\n\t    \n\t\n\n<li >\n\t<a href='?page_no=8716'>Previous<\/a>\n\t<\/li>\n\n\n       \n    \n\n<li><a href='?page_no=1'>1<\/a><\/li>\n\n\n\n<li><a href='?page_no=2'>2<\/a><\/li>\n\n\n\n<li><a>...<\/a><\/li>\n\n\n\n<li><a href='?page_no=8715'>8715<\/a><\/li>\n\n\n\n<li><a href='?page_no=8716'>8716<\/a><\/li>\n\n\n\n<li class='active'><a>8717<\/a><\/li>\n\n\n\n<li><a href='?page_no=8718'>8718<\/a><\/li>\n\n\n\n<li><a href='?page_no=8719'>8719<\/a><\/li>\n\n\n\n<li><a>...<\/a><\/li>\n\n\n\n<li><a href='?page_no=36618'>36618<\/a><\/li>\n\n\n\n<li><a href='?page_no=36619'>36619<\/a><\/li>\n\n    \n\t\n\n<li >\n\t<a href='?page_no=8718'>Next<\/a>\n\t<\/li>\n\n\n    \n\n<li><a href='?page_no=36619'>Last &rsaquo;&rsaquo;<\/a><\/li>\n\n<\/ul>\n\n\n--><br \/>\n<\/body><\/p>\n","protected":false},"excerpt":{"rendered":"<p>Cheonan, Corea del Sur, 30 may (PL) La selecci\u00f3n sub-20 de f\u00fatbol de Portugal avanz\u00f3 hoy a cuartos de final de la Copa Mundial de esa disciplina al vencer por 3-1 goles a la escuadra de Corea del Sur. El conjunto luso cont\u00f3 con dos goles del centrocampista del Sporting de Braga Bruno Almeida &#8216;Xadas&#8217; [&hellip;]<\/p>\n","protected":false},"author":3,"featured_media":0,"comment_status":"open","ping_status":"open","sticky":false,"template":"","format":"standard","meta":{"footnotes":""},"categories":[17],"tags":[],"class_list":["post-209411","post","type-post","status-publish","format-standard","hentry","category-deportes"],"_links":{"self":[{"href":"https:\/\/diariodominicano.com\/index.php?rest_route=\/wp\/v2\/posts\/209411","targetHints":{"allow":["GET"]}}],"collection":[{"href":"https:\/\/diariodominicano.com\/index.php?rest_route=\/wp\/v2\/posts"}],"about":[{"href":"https:\/\/diariodominicano.com\/index.php?rest_route=\/wp\/v2\/types\/post"}],"author":[{"embeddable":true,"href":"https:\/\/diariodominicano.com\/index.php?rest_route=\/wp\/v2\/users\/3"}],"replies":[{"embeddable":true,"href":"https:\/\/diariodominicano.com\/index.php?rest_route=%2Fwp%2Fv2%2Fcomments&post=209411"}],"version-history":[{"count":0,"href":"https:\/\/diariodominicano.com\/index.php?rest_route=\/wp\/v2\/posts\/209411\/revisions"}],"wp:attachment":[{"href":"https:\/\/diariodominicano.com\/index.php?rest_route=%2Fwp%2Fv2%2Fmedia&parent=209411"}],"wp:term":[{"taxonomy":"category","embeddable":true,"href":"https:\/\/diariodominicano.com\/index.php?rest_route=%2Fwp%2Fv2%2Fcategories&post=209411"},{"taxonomy":"post_tag","embeddable":true,"href":"https:\/\/diariodominicano.com\/index.php?rest_route=%2Fwp%2Fv2%2Ftags&post=209411"}],"curies":[{"name":"wp","href":"https:\/\/api.w.org\/{rel}","templated":true}]}}