{"id":209409,"date":"2017-05-30T16:15:41","date_gmt":"2017-05-30T16:15:41","guid":{"rendered":"http:\/\/diariodominicano.ddns.net\/?p=209409"},"modified":"2017-05-30T16:15:41","modified_gmt":"2017-05-30T16:15:41","slug":"cubano-pereira-al-cuadro-principal-del-mundial-de-tenis-de-mesa","status":"publish","type":"post","link":"https:\/\/diariodominicano.com\/?p=209409","title":{"rendered":"Cubano Pereira al cuadro principal del Mundial de tenis de mesa"},"content":{"rendered":"<p><body><\/p>\n<p><span class=\"text1noticias\">Dusseldorf, Alemania, 30 may (PL) El cubano Andy Pereira gan\u00f3 hoy sus respectivos compromisos frente al saud\u00ed Abdulazis Al-Abbad y al peruano Diego Rodr\u00edguez para asegurarse en el cuadro principal del Campeonato Mundial de tenis de mesa con sede en Alemania.<\/span><\/p>\n<p><span class=\"text1noticias\"> <\/span><\/p>\n<p><span class=\"text1noticias\">Durante su debut en el certamen que acoger\u00e1 esta ciudad hasta el venidero 5 de junio, Pereira abri\u00f3 con triunfo de 4-3 contra Al-Abbad y luego barri\u00f3 4-0 a Rodr\u00edguez.<\/span><\/p>\n<p><span class=\"text1noticias\"> <\/span><\/p>\n<p><span class=\"text1noticias\">La principal raqueta cubana tambi\u00e9n particip\u00f3 en dobles para hombres y dobles mixtos junto a sus compatriotas Liv\u00e1n Mart\u00ednez e Idalys Lovet.<\/span><\/p>\n<p><span class=\"text1noticias\"> <\/span><\/p>\n<p><span class=\"text1noticias\">Con Mart\u00ednez, Pereira logr\u00f3 aventajar 3-1 a los jamaicanos Simon Tomlinson-Kane Watson y encarar\u00e1n ma\u00f1ana el reto de los b\u00falgaros Teodor Alexandrov-Denislav Kodjabashev.<\/span><\/p>\n<p><span class=\"text1noticias\"> <\/span><\/p>\n<p><span class=\"text1noticias\">Mientras, haciendo dupla con Lovet sali\u00f3 victorioso 3-2 sobre los b\u00falgaros Stefan Todorov-Maria Yorkova y 3-0 a costa de los cameruneses Hamidou Sow-Sarah Hanffou, pero luego cay\u00f3 0-3 en la ronda de 32 ante los belarusos Aliaksandr Khanin-Daria Trigolos.<\/span><\/p>\n<p><span class=\"text1noticias\"> <\/span><\/p>\n<p><span class=\"text1noticias\">Sus compatriotas Yohan Mora y Lizdainet Rodr\u00edguez ganaron el primer duelo por no presentaci\u00f3n de sus rivales y posteriormente perdieron 0-3 frente a los experimentados vietnamitas Quang Linh Dinh-Hoang My Trang Mai.<\/span><\/p>\n<p><span class=\"text1noticias\"> <\/span><\/p>\n<p><span class=\"text1noticias\">Luego de estos resultados, en individuales contin\u00faan en acci\u00f3n Pereira, Mora y Lovet y en dobles (m) Mart\u00ednez y Pe<\/span>reira.<\/p>\n<h6> 2017-05-30 16:15:41 <\/h6>\n<p><!--\n<link rel=\"stylesheet\" href=\"css\/bootstrap.min.css\">\n\n\n<ul class=\"pagination\">\n\t    \n\t\n\n<li >\n\t<a href='?page_no=8714'>Previous<\/a>\n\t<\/li>\n\n\n       \n    \n\n<li><a href='?page_no=1'>1<\/a><\/li>\n\n\n\n<li><a href='?page_no=2'>2<\/a><\/li>\n\n\n\n<li><a>...<\/a><\/li>\n\n\n\n<li><a href='?page_no=8713'>8713<\/a><\/li>\n\n\n\n<li><a href='?page_no=8714'>8714<\/a><\/li>\n\n\n\n<li class='active'><a>8715<\/a><\/li>\n\n\n\n<li><a href='?page_no=8716'>8716<\/a><\/li>\n\n\n\n<li><a href='?page_no=8717'>8717<\/a><\/li>\n\n\n\n<li><a>...<\/a><\/li>\n\n\n\n<li><a href='?page_no=36618'>36618<\/a><\/li>\n\n\n\n<li><a href='?page_no=36619'>36619<\/a><\/li>\n\n    \n\t\n\n<li >\n\t<a href='?page_no=8716'>Next<\/a>\n\t<\/li>\n\n\n    \n\n<li><a href='?page_no=36619'>Last &rsaquo;&rsaquo;<\/a><\/li>\n\n<\/ul>\n\n\n--><br \/>\n<\/body><\/p>\n","protected":false},"excerpt":{"rendered":"<p>Dusseldorf, Alemania, 30 may (PL) El cubano Andy Pereira gan\u00f3 hoy sus respectivos compromisos frente al saud\u00ed Abdulazis Al-Abbad y al peruano Diego Rodr\u00edguez para asegurarse en el cuadro principal del Campeonato Mundial de tenis de mesa con sede en Alemania. Durante su debut en el certamen que acoger\u00e1 esta ciudad hasta el venidero 5 [&hellip;]<\/p>\n","protected":false},"author":3,"featured_media":0,"comment_status":"open","ping_status":"open","sticky":false,"template":"","format":"standard","meta":{"footnotes":""},"categories":[17],"tags":[],"class_list":["post-209409","post","type-post","status-publish","format-standard","hentry","category-deportes"],"_links":{"self":[{"href":"https:\/\/diariodominicano.com\/index.php?rest_route=\/wp\/v2\/posts\/209409","targetHints":{"allow":["GET"]}}],"collection":[{"href":"https:\/\/diariodominicano.com\/index.php?rest_route=\/wp\/v2\/posts"}],"about":[{"href":"https:\/\/diariodominicano.com\/index.php?rest_route=\/wp\/v2\/types\/post"}],"author":[{"embeddable":true,"href":"https:\/\/diariodominicano.com\/index.php?rest_route=\/wp\/v2\/users\/3"}],"replies":[{"embeddable":true,"href":"https:\/\/diariodominicano.com\/index.php?rest_route=%2Fwp%2Fv2%2Fcomments&post=209409"}],"version-history":[{"count":0,"href":"https:\/\/diariodominicano.com\/index.php?rest_route=\/wp\/v2\/posts\/209409\/revisions"}],"wp:attachment":[{"href":"https:\/\/diariodominicano.com\/index.php?rest_route=%2Fwp%2Fv2%2Fmedia&parent=209409"}],"wp:term":[{"taxonomy":"category","embeddable":true,"href":"https:\/\/diariodominicano.com\/index.php?rest_route=%2Fwp%2Fv2%2Fcategories&post=209409"},{"taxonomy":"post_tag","embeddable":true,"href":"https:\/\/diariodominicano.com\/index.php?rest_route=%2Fwp%2Fv2%2Ftags&post=209409"}],"curies":[{"name":"wp","href":"https:\/\/api.w.org\/{rel}","templated":true}]}}