{"id":209400,"date":"2017-05-31T14:42:29","date_gmt":"2017-05-31T14:42:29","guid":{"rendered":"http:\/\/diariodominicano.ddns.net\/?p=209400"},"modified":"2017-05-31T14:42:29","modified_gmt":"2017-05-31T14:42:29","slug":"reymin-guduan-feliz-y-bendecido-de-estar-en-grandes-ligas","status":"publish","type":"post","link":"https:\/\/diariodominicano.com\/?p=209400","title":{"rendered":"Reymin Guduan \u00abfeliz y bendecido\u00bb de estar en Grandes Ligas"},"content":{"rendered":"<p><body><\/p>\n<p><span class=\"text1noticias\">Por Brian McTaggart \/ MLB.com<\/span><\/p>\n<p><span class=\"text1noticias\">MINNEAPOLIS<\/span>, 31 de mayo, 2017.<span class=\"text1noticias\"> &#8212; El relevista dominicano Reymin Guduan, quien ten\u00eda 17 a\u00f1os de edad cuando firm\u00f3 con los Astros en el 2009, se integr\u00f3 al equipo grande de Houston el mi\u00e9rcoles. Se trata de la primera vez que el zurdo es convocado a Grandes Ligas.<\/span><\/p>\n<p><span class=\"text1noticias\"> <\/span><\/p>\n<p><span class=\"text1noticias\">\u00abMe siento feliz y bendecido\u00bb, dijo Guduan. \u00abSab\u00eda que suceder\u00eda y sucedi\u00f3 hoy\u00bb.<\/span><\/p>\n<\/p>\n<p><span class=\"text1noticias\">Guduan, de 25 a\u00f1os de edad, lleva foja de 3-3 con efectividad de 5.47 en 20 presentaciones por Triple-A Fresno esta temporada, incluyendo promedio de carerras limpias de 1.69 en el mes de mayo<\/span>.<\/p>\n<h6> 2017-05-31 14:42:29 <\/h6>\n<p><!--\n<link rel=\"stylesheet\" href=\"css\/bootstrap.min.css\">\n\n\n<ul class=\"pagination\">\n\t    \n\t\n\n<li >\n\t<a href='?page_no=8706'>Previous<\/a>\n\t<\/li>\n\n\n       \n    \n\n<li><a href='?page_no=1'>1<\/a><\/li>\n\n\n\n<li><a href='?page_no=2'>2<\/a><\/li>\n\n\n\n<li><a>...<\/a><\/li>\n\n\n\n<li><a href='?page_no=8705'>8705<\/a><\/li>\n\n\n\n<li><a href='?page_no=8706'>8706<\/a><\/li>\n\n\n\n<li class='active'><a>8707<\/a><\/li>\n\n\n\n<li><a href='?page_no=8708'>8708<\/a><\/li>\n\n\n\n<li><a href='?page_no=8709'>8709<\/a><\/li>\n\n\n\n<li><a>...<\/a><\/li>\n\n\n\n<li><a href='?page_no=36618'>36618<\/a><\/li>\n\n\n\n<li><a href='?page_no=36619'>36619<\/a><\/li>\n\n    \n\t\n\n<li >\n\t<a href='?page_no=8708'>Next<\/a>\n\t<\/li>\n\n\n    \n\n<li><a href='?page_no=36619'>Last &rsaquo;&rsaquo;<\/a><\/li>\n\n<\/ul>\n\n\n--><br \/>\n<\/body><\/p>\n","protected":false},"excerpt":{"rendered":"<p>Por Brian McTaggart \/ MLB.com MINNEAPOLIS, 31 de mayo, 2017. &#8212; El relevista dominicano Reymin Guduan, quien ten\u00eda 17 a\u00f1os de edad cuando firm\u00f3 con los Astros en el 2009, se integr\u00f3 al equipo grande de Houston el mi\u00e9rcoles. Se trata de la primera vez que el zurdo es convocado a Grandes Ligas. \u00abMe siento [&hellip;]<\/p>\n","protected":false},"author":3,"featured_media":0,"comment_status":"open","ping_status":"open","sticky":false,"template":"","format":"standard","meta":{"footnotes":""},"categories":[17],"tags":[],"class_list":["post-209400","post","type-post","status-publish","format-standard","hentry","category-deportes"],"_links":{"self":[{"href":"https:\/\/diariodominicano.com\/index.php?rest_route=\/wp\/v2\/posts\/209400","targetHints":{"allow":["GET"]}}],"collection":[{"href":"https:\/\/diariodominicano.com\/index.php?rest_route=\/wp\/v2\/posts"}],"about":[{"href":"https:\/\/diariodominicano.com\/index.php?rest_route=\/wp\/v2\/types\/post"}],"author":[{"embeddable":true,"href":"https:\/\/diariodominicano.com\/index.php?rest_route=\/wp\/v2\/users\/3"}],"replies":[{"embeddable":true,"href":"https:\/\/diariodominicano.com\/index.php?rest_route=%2Fwp%2Fv2%2Fcomments&post=209400"}],"version-history":[{"count":0,"href":"https:\/\/diariodominicano.com\/index.php?rest_route=\/wp\/v2\/posts\/209400\/revisions"}],"wp:attachment":[{"href":"https:\/\/diariodominicano.com\/index.php?rest_route=%2Fwp%2Fv2%2Fmedia&parent=209400"}],"wp:term":[{"taxonomy":"category","embeddable":true,"href":"https:\/\/diariodominicano.com\/index.php?rest_route=%2Fwp%2Fv2%2Fcategories&post=209400"},{"taxonomy":"post_tag","embeddable":true,"href":"https:\/\/diariodominicano.com\/index.php?rest_route=%2Fwp%2Fv2%2Ftags&post=209400"}],"curies":[{"name":"wp","href":"https:\/\/api.w.org\/{rel}","templated":true}]}}