{"id":209393,"date":"2017-06-01T15:32:12","date_gmt":"2017-06-01T15:32:12","guid":{"rendered":"http:\/\/diariodominicano.ddns.net\/?p=209393"},"modified":"2017-06-01T15:32:12","modified_gmt":"2017-06-01T15:32:12","slug":"distinguido-totti-con-premio-presidente-de-la-uefa","status":"publish","type":"post","link":"https:\/\/diariodominicano.com\/?p=209393","title":{"rendered":"Distinguido Totti con premio Presidente de la UEFA"},"content":{"rendered":"<p><body><\/p>\n<p><img decoding=\"async\" src=\"img3\/Francesco-Totti.jpg\" \/>  <\/p>\n<p><span class=\"text1noticias\">Cardiff, Reino Unido, 1 jun (PL) El reconocido futbolista italiano Francesco Totti result\u00f3 distinguido hoy con el premio Presidente de la Uni\u00f3n de Federaciones de F\u00fatbol Europeas (UEFA), pocos d\u00edas despu\u00e9s de poner fin a su carrera deportiva con la Roma.<\/span><\/p>\n<p><span class=\"text1noticias\"> <\/span><\/p>\n<p><span class=\"text1noticias\">Dicho galard\u00f3n llega en reconocimiento a sus &#8216;logros sobresalientes, su excelencia profesional y sus cualidades personales ejemplares&#8217;, asegur\u00f3 el titular de la UEFA, Aleksander Ceferin, en la reuni\u00f3n de su comit\u00e9 ejecutivo efectuada en esta ciudad.<\/span><\/p>\n<p><span class=\"text1noticias\"> <\/span><\/p>\n<p><span class=\"text1noticias\">Igualmente, agreg\u00f3 que &#8216;estos valores son personificados por Francesco Totti, un hombre que ha dado alrededor de un cuarto de siglo de su vida por su amada Roma. Felicidades Francesco por una carrera fant\u00e1stica y por una extraordinaria lealtad y dedicaci\u00f3n a Roma y al f\u00fatbol&#8217;.<\/span><\/p>\n<p><span class=\"text1noticias\"> <\/span><\/p>\n<p><span class=\"text1noticias\">Totti, de 40 a\u00f1os, se convertir\u00e1 en agosto pr\u00f3ximo, en M\u00f3naco, en el decimos\u00e9ptimo jugador que recibe este premio, el cual llevaba dos a\u00f1os sin ser otorgado por el ente rector de la disciplina en Europa.<\/span><\/p>\n<p><span class=\"text1noticias\"> <\/span><\/p>\n<p><span class=\"text1noticias\">El jugador italiano efectu\u00f3 el pasado domingo su \u00faltimo desaf\u00edo como futbolista profesional ante el G\u00e9nova, cifra que elev\u00f3 a 786, por lo cual recibi\u00f3 un homenaje por parte de seguidores, compa\u00f1eros de equipo y directivos del club en el estadio Ol\u00edmpico, 24 a\u00f1os despu\u00e9s de su debut en marzo de 1993.<\/span><\/p>\n<p><span class=\"text1noticias\"> <\/span><\/p>\n<p><span class=\"text1noticias\">Ceferin coment\u00f3 acerca de lo injusto que resulta que un jugador por vez reciba dicha distinci\u00f3n, por lo que dej\u00f3 abierta la puerta de crear un Sal\u00f3n de la Fama del f\u00fatbol europeo.<\/span><\/p>\n<p><span class=\"text1noticias\"> <\/span><\/p>\n<p><span class=\"text1noticias\">El premio Presidente de la UEFA se concedi\u00f3 por vez primera en 1998 al franc\u00e9s Jacques Delors y, tras quedar vacante en 1999, al a\u00f1o siguiente, en el 2000, recay\u00f3 en el tambi\u00e9n galo Guy Roux.<\/span><\/p>\n<p><span class=\"text1noticias\"> <\/span><\/p>\n<p><span class=\"text1noticias\">Entre los distinguidos destacan leyendas como el argentino nacionalizado espa\u00f1ol Alfredo Di Stefano (2007), el alem\u00e1n Franz Beckenbauer (2012), el portugu\u00e9s Eusebio (2009) y el holand\u00e9s Johan Cruyff <\/span>(2013).<\/p>\n<h6> 2017-06-01 15:32:12 <\/h6>\n<p><!--\n<link rel=\"stylesheet\" href=\"css\/bootstrap.min.css\">\n\n\n<ul class=\"pagination\">\n\t    \n\t\n\n<li >\n\t<a href='?page_no=8699'>Previous<\/a>\n\t<\/li>\n\n\n       \n    \n\n<li><a href='?page_no=1'>1<\/a><\/li>\n\n\n\n<li><a href='?page_no=2'>2<\/a><\/li>\n\n\n\n<li><a>...<\/a><\/li>\n\n\n\n<li><a href='?page_no=8698'>8698<\/a><\/li>\n\n\n\n<li><a href='?page_no=8699'>8699<\/a><\/li>\n\n\n\n<li class='active'><a>8700<\/a><\/li>\n\n\n\n<li><a href='?page_no=8701'>8701<\/a><\/li>\n\n\n\n<li><a href='?page_no=8702'>8702<\/a><\/li>\n\n\n\n<li><a>...<\/a><\/li>\n\n\n\n<li><a href='?page_no=36618'>36618<\/a><\/li>\n\n\n\n<li><a href='?page_no=36619'>36619<\/a><\/li>\n\n    \n\t\n\n<li >\n\t<a href='?page_no=8701'>Next<\/a>\n\t<\/li>\n\n\n    \n\n<li><a href='?page_no=36619'>Last &rsaquo;&rsaquo;<\/a><\/li>\n\n<\/ul>\n\n\n--><br \/>\n<\/body><\/p>\n","protected":false},"excerpt":{"rendered":"<p>Cardiff, Reino Unido, 1 jun (PL) El reconocido futbolista italiano Francesco Totti result\u00f3 distinguido hoy con el premio Presidente de la Uni\u00f3n de Federaciones de F\u00fatbol Europeas (UEFA), pocos d\u00edas despu\u00e9s de poner fin a su carrera deportiva con la Roma. Dicho galard\u00f3n llega en reconocimiento a sus &#8216;logros sobresalientes, su excelencia profesional y sus [&hellip;]<\/p>\n","protected":false},"author":3,"featured_media":0,"comment_status":"open","ping_status":"open","sticky":false,"template":"","format":"standard","meta":{"footnotes":""},"categories":[17],"tags":[],"class_list":["post-209393","post","type-post","status-publish","format-standard","hentry","category-deportes"],"_links":{"self":[{"href":"https:\/\/diariodominicano.com\/index.php?rest_route=\/wp\/v2\/posts\/209393","targetHints":{"allow":["GET"]}}],"collection":[{"href":"https:\/\/diariodominicano.com\/index.php?rest_route=\/wp\/v2\/posts"}],"about":[{"href":"https:\/\/diariodominicano.com\/index.php?rest_route=\/wp\/v2\/types\/post"}],"author":[{"embeddable":true,"href":"https:\/\/diariodominicano.com\/index.php?rest_route=\/wp\/v2\/users\/3"}],"replies":[{"embeddable":true,"href":"https:\/\/diariodominicano.com\/index.php?rest_route=%2Fwp%2Fv2%2Fcomments&post=209393"}],"version-history":[{"count":0,"href":"https:\/\/diariodominicano.com\/index.php?rest_route=\/wp\/v2\/posts\/209393\/revisions"}],"wp:attachment":[{"href":"https:\/\/diariodominicano.com\/index.php?rest_route=%2Fwp%2Fv2%2Fmedia&parent=209393"}],"wp:term":[{"taxonomy":"category","embeddable":true,"href":"https:\/\/diariodominicano.com\/index.php?rest_route=%2Fwp%2Fv2%2Fcategories&post=209393"},{"taxonomy":"post_tag","embeddable":true,"href":"https:\/\/diariodominicano.com\/index.php?rest_route=%2Fwp%2Fv2%2Ftags&post=209393"}],"curies":[{"name":"wp","href":"https:\/\/api.w.org\/{rel}","templated":true}]}}