{"id":209390,"date":"2017-06-01T15:39:56","date_gmt":"2017-06-01T15:39:56","guid":{"rendered":"http:\/\/diariodominicano.ddns.net\/?p=209390"},"modified":"2017-06-01T15:39:56","modified_gmt":"2017-06-01T15:39:56","slug":"jean-pierre-drucker-gana-primera-etapa-del-tour-de-luxemburgo","status":"publish","type":"post","link":"https:\/\/diariodominicano.com\/?p=209390","title":{"rendered":"Jean-Pierre Drucker gana primera etapa del Tour de Luxemburgo"},"content":{"rendered":"<p><body><\/p>\n<p><img decoding=\"async\" src=\"img3\/ciclismo-JeanPierre-Drucker.jpg\" \/>  <\/p>\n<p><span class=\"text1noticias\">Luxemburgo, 1 jun (PL) El ciclista anfitri\u00f3n Jean-Pierre Drucker (BMC) gan\u00f3 hoy al esprint la primera etapa del Tour de Luxemburgo, corrida sobre 172 kil\u00f3metros entre esta capital y la ciudad de Bscharage.<\/span><\/p>\n<\/p>\n<p><span class=\"text1noticias\">Drucker, de la formaci\u00f3n estadounidense BMC Racing, cubri\u00f3 el tramo en cuatro horas, seis minutos y seis segundos para aventajar en el podio de premiaci\u00f3n al belga Timothy Dupont y al estonio Aksel Nommela, sus m\u00e1s cercanos rivales por ese orden.<\/span><\/p>\n<\/p>\n<p><span class=\"text1noticias\">Ma\u00f1ana se disputar\u00e1 la segunda jornada, \u00e9sta con un recorrido de 178,4 kil\u00f3metros desde la ciudad de Steinfort hasta la de Walferdange.<\/span><\/p>\n<\/p>\n<p><span class=\"text1noticias\">-Clasificaci\u00f3n de la primera etapa: <\/span><\/p>\n<\/p>\n<p><span class=\"text1noticias\">-1. Jean-Pierre Drucker (LUX) 4:06.06 horas.<\/span><\/p>\n<\/p>\n<p><span class=\"text1noticias\">-2. Timothy Dupont (BEL) m.t.<\/span><\/p>\n<\/p>\n<p><span class=\"text1noticias\">-3. Aksel Nommela (EST) m.t.<\/span><\/p>\n<\/p>\n<p><span class=\"text1noticias\">-4. Greg Van Avermaet (BEL) m.t <\/span><\/p>\n<\/p>\n<p><span class=\"text1noticias\">-5. Michael Svendgaard (NOR) m.t.<\/span><\/p>\n<\/p>\n<p><span class=\"text1noticias\">-Clasificaci\u00f3n general: <\/span><\/p>\n<\/p>\n<p><span class=\"text1noticias\">-1. Jean-Pierre Drucker (LUX) 4:09.00 horas.<\/span><\/p>\n<\/p>\n<p><span class=\"text1noticias\">-2. Damien Gaudin (FRA) a 00.06 segundos.<\/span><\/p>\n<\/p>\n<p><span class=\"text1noticias\">-3. Greg Van Avermaet (BEL) 00.07 segundos.<\/span><\/p>\n<\/p>\n<p><span class=\"text1noticias\">-4. Raffael Freienstein (ALE) 00.08 segundos.<\/span><\/p>\n<\/p>\n<p><span class=\"text1noticias\">-5. Piet Allegaert (BEL) 00.10 segundos.<\/span><\/p>\n<\/p>\n<p><span class=\"text1noticias\">-6. Benjamin Thomas (FRA) 00.11 segundos.<\/span><\/p>\n<\/p>\n<p><span class=\"text1noticias\">-7. Alex Kirsch (LUX) 00.12 segundos.<\/span><\/p>\n<\/p>\n<p><span class=\"text1noticias\">-8. Benjamin Declercq (BEL) 00.12 segundos.<\/span><\/p>\n<\/p>\n<p><span class=\"text1noticias\">-9. Aksel Nommela (EST) 00.13 segundos.<\/span><\/p>\n<\/p>\n<p><span class=\"text1noticias\">-10.S\u00e9bastien Delfosse (BEL) 00.14 segundos.<\/span><\/p>\n<\/p>\n<h6> 2017-06-01 15:39:56 <\/h6>\n<p><!--\n<link rel=\"stylesheet\" href=\"css\/bootstrap.min.css\">\n\n\n<ul class=\"pagination\">\n\t    \n\t\n\n<li >\n\t<a href='?page_no=8698'>Previous<\/a>\n\t<\/li>\n\n\n       \n    \n\n<li><a href='?page_no=1'>1<\/a><\/li>\n\n\n\n<li><a href='?page_no=2'>2<\/a><\/li>\n\n\n\n<li><a>...<\/a><\/li>\n\n\n\n<li><a href='?page_no=8697'>8697<\/a><\/li>\n\n\n\n<li><a href='?page_no=8698'>8698<\/a><\/li>\n\n\n\n<li class='active'><a>8699<\/a><\/li>\n\n\n\n<li><a href='?page_no=8700'>8700<\/a><\/li>\n\n\n\n<li><a href='?page_no=8701'>8701<\/a><\/li>\n\n\n\n<li><a>...<\/a><\/li>\n\n\n\n<li><a href='?page_no=36618'>36618<\/a><\/li>\n\n\n\n<li><a href='?page_no=36619'>36619<\/a><\/li>\n\n    \n\t\n\n<li >\n\t<a href='?page_no=8700'>Next<\/a>\n\t<\/li>\n\n\n    \n\n<li><a href='?page_no=36619'>Last &rsaquo;&rsaquo;<\/a><\/li>\n\n<\/ul>\n\n\n--><br \/>\n<\/body><\/p>\n","protected":false},"excerpt":{"rendered":"<p>Luxemburgo, 1 jun (PL) El ciclista anfitri\u00f3n Jean-Pierre Drucker (BMC) gan\u00f3 hoy al esprint la primera etapa del Tour de Luxemburgo, corrida sobre 172 kil\u00f3metros entre esta capital y la ciudad de Bscharage. Drucker, de la formaci\u00f3n estadounidense BMC Racing, cubri\u00f3 el tramo en cuatro horas, seis minutos y seis segundos para aventajar en el [&hellip;]<\/p>\n","protected":false},"author":3,"featured_media":0,"comment_status":"open","ping_status":"open","sticky":false,"template":"","format":"standard","meta":{"footnotes":""},"categories":[17],"tags":[],"class_list":["post-209390","post","type-post","status-publish","format-standard","hentry","category-deportes"],"_links":{"self":[{"href":"https:\/\/diariodominicano.com\/index.php?rest_route=\/wp\/v2\/posts\/209390","targetHints":{"allow":["GET"]}}],"collection":[{"href":"https:\/\/diariodominicano.com\/index.php?rest_route=\/wp\/v2\/posts"}],"about":[{"href":"https:\/\/diariodominicano.com\/index.php?rest_route=\/wp\/v2\/types\/post"}],"author":[{"embeddable":true,"href":"https:\/\/diariodominicano.com\/index.php?rest_route=\/wp\/v2\/users\/3"}],"replies":[{"embeddable":true,"href":"https:\/\/diariodominicano.com\/index.php?rest_route=%2Fwp%2Fv2%2Fcomments&post=209390"}],"version-history":[{"count":0,"href":"https:\/\/diariodominicano.com\/index.php?rest_route=\/wp\/v2\/posts\/209390\/revisions"}],"wp:attachment":[{"href":"https:\/\/diariodominicano.com\/index.php?rest_route=%2Fwp%2Fv2%2Fmedia&parent=209390"}],"wp:term":[{"taxonomy":"category","embeddable":true,"href":"https:\/\/diariodominicano.com\/index.php?rest_route=%2Fwp%2Fv2%2Fcategories&post=209390"},{"taxonomy":"post_tag","embeddable":true,"href":"https:\/\/diariodominicano.com\/index.php?rest_route=%2Fwp%2Fv2%2Ftags&post=209390"}],"curies":[{"name":"wp","href":"https:\/\/api.w.org\/{rel}","templated":true}]}}