{"id":209386,"date":"2017-06-01T16:09:03","date_gmt":"2017-06-01T16:09:03","guid":{"rendered":"http:\/\/diariodominicano.ddns.net\/?p=209386"},"modified":"2017-06-01T16:09:03","modified_gmt":"2017-06-01T16:09:03","slug":"antonio-senzatela-cumple-el-sueno-de-conocer-a-su-idolo-felix-hernandez","status":"publish","type":"post","link":"https:\/\/diariodominicano.com\/?p=209386","title":{"rendered":"Antonio Senzatela cumple el sue\u00f1o de conocer a su \u00eddolo F\u00e9lix Hern\u00e1ndez"},"content":{"rendered":"<p><body><\/p>\n<p><span class=\"text1noticias\">Por Thomas Harding \/ MLB.com<\/span><\/p>\n<p><span class=\"text1noticias\">DENVER, 1 de junio, 2017.- Para el abridor venezolano de los Rockies, Antonio Senzatela, fue un gran momento conocer a su compatriota y as de los Marineros, F\u00e9lix Hern\u00e1ndez, durante la serie entre Colorado y Seattle.<\/span><\/p>\n<p><span class=\"text1noticias\"> <\/span><\/p>\n<p><span class=\"text1noticias\">No cabe duda de que para cualquier lanzador joven ser\u00eda un honor platicar con Hern\u00e1ndez, ganador del Cy Young de la Liga Americana en el 2010 y seis veces convocado al Juego de Estrellas. Pero Senzatela es de Valencia, la misma ciudad natal de Hern\u00e1ndez. Sin embargo, con apenas 22 a\u00f1os de edad, Senzatela nunca hab\u00eda conocido al \u00abRey F\u00e9lix\u00bb.<\/span><\/p>\n<\/p>\n<p><span class=\"text1noticias\">Pero Hern\u00e1ndez, quien se recupera de una lesi\u00f3n en el hombro derecho, se hab\u00eda fijado en el nuevo lanzador sensaci\u00f3n de Valencia. Senzatela (con foja de 7-1 y 3.19 de efectividad) comparte el liderato de la Liga Nacional en triunfos y es octavo en promedio de carreras limpias. Resulta que Hern\u00e1ndez estaba igual de contento por conocer al \u00abPrincipito\u00bb, como los compa\u00f1eros de Senzatela lo han apodado para compararlo con Hern\u00e1ndez.<\/span><\/p>\n<\/p>\n<p><span class=\"text1noticias\">\u00abFue un sue\u00f1o hecho realidad &#8212; es mi pitcher favorito\u00bb, declar\u00f3 Senzatela. \u00ab\u00c9l estaba tirando en una sesi\u00f3n del bullpen mientras yo lanzaba en el terreno. Cuando termin\u00f3, se dirig\u00f3 a su dugout.<\/span><\/p>\n<\/p>\n<p><span class=\"text1noticias\">\u00abLe dije, &#8216;Hola, soy Antonio&#8217;. Y me dijo, &#8216;Has hecho un gran trabajo. Sigue as\u00ed&#8217;. Eso me dio una gran alegr\u00eda\u00bb<\/span>.<\/p>\n<h6> 2017-06-01 16:09:03 <\/h6>\n<p><!--\n<link rel=\"stylesheet\" href=\"css\/bootstrap.min.css\">\n\n\n<ul class=\"pagination\">\n\t    \n\t\n\n<li >\n\t<a href='?page_no=8694'>Previous<\/a>\n\t<\/li>\n\n\n       \n    \n\n<li><a href='?page_no=1'>1<\/a><\/li>\n\n\n\n<li><a href='?page_no=2'>2<\/a><\/li>\n\n\n\n<li><a>...<\/a><\/li>\n\n\n\n<li><a href='?page_no=8693'>8693<\/a><\/li>\n\n\n\n<li><a href='?page_no=8694'>8694<\/a><\/li>\n\n\n\n<li class='active'><a>8695<\/a><\/li>\n\n\n\n<li><a href='?page_no=8696'>8696<\/a><\/li>\n\n\n\n<li><a href='?page_no=8697'>8697<\/a><\/li>\n\n\n\n<li><a>...<\/a><\/li>\n\n\n\n<li><a href='?page_no=36618'>36618<\/a><\/li>\n\n\n\n<li><a href='?page_no=36619'>36619<\/a><\/li>\n\n    \n\t\n\n<li >\n\t<a href='?page_no=8696'>Next<\/a>\n\t<\/li>\n\n\n    \n\n<li><a href='?page_no=36619'>Last &rsaquo;&rsaquo;<\/a><\/li>\n\n<\/ul>\n\n\n--><br \/>\n<\/body><\/p>\n","protected":false},"excerpt":{"rendered":"<p>Por Thomas Harding \/ MLB.com DENVER, 1 de junio, 2017.- Para el abridor venezolano de los Rockies, Antonio Senzatela, fue un gran momento conocer a su compatriota y as de los Marineros, F\u00e9lix Hern\u00e1ndez, durante la serie entre Colorado y Seattle. No cabe duda de que para cualquier lanzador joven ser\u00eda un honor platicar con [&hellip;]<\/p>\n","protected":false},"author":3,"featured_media":0,"comment_status":"open","ping_status":"open","sticky":false,"template":"","format":"standard","meta":{"footnotes":""},"categories":[17],"tags":[],"class_list":["post-209386","post","type-post","status-publish","format-standard","hentry","category-deportes"],"_links":{"self":[{"href":"https:\/\/diariodominicano.com\/index.php?rest_route=\/wp\/v2\/posts\/209386","targetHints":{"allow":["GET"]}}],"collection":[{"href":"https:\/\/diariodominicano.com\/index.php?rest_route=\/wp\/v2\/posts"}],"about":[{"href":"https:\/\/diariodominicano.com\/index.php?rest_route=\/wp\/v2\/types\/post"}],"author":[{"embeddable":true,"href":"https:\/\/diariodominicano.com\/index.php?rest_route=\/wp\/v2\/users\/3"}],"replies":[{"embeddable":true,"href":"https:\/\/diariodominicano.com\/index.php?rest_route=%2Fwp%2Fv2%2Fcomments&post=209386"}],"version-history":[{"count":0,"href":"https:\/\/diariodominicano.com\/index.php?rest_route=\/wp\/v2\/posts\/209386\/revisions"}],"wp:attachment":[{"href":"https:\/\/diariodominicano.com\/index.php?rest_route=%2Fwp%2Fv2%2Fmedia&parent=209386"}],"wp:term":[{"taxonomy":"category","embeddable":true,"href":"https:\/\/diariodominicano.com\/index.php?rest_route=%2Fwp%2Fv2%2Fcategories&post=209386"},{"taxonomy":"post_tag","embeddable":true,"href":"https:\/\/diariodominicano.com\/index.php?rest_route=%2Fwp%2Fv2%2Ftags&post=209386"}],"curies":[{"name":"wp","href":"https:\/\/api.w.org\/{rel}","templated":true}]}}