{"id":209378,"date":"2017-06-02T13:31:23","date_gmt":"2017-06-02T13:31:23","guid":{"rendered":"http:\/\/diariodominicano.ddns.net\/?p=209378"},"modified":"2017-06-02T13:31:23","modified_gmt":"2017-06-02T13:31:23","slug":"boxeadores-de-cinco-paises-animan-torneo-internacional-en-cuba","status":"publish","type":"post","link":"https:\/\/diariodominicano.com\/?p=209378","title":{"rendered":"Boxeadores de cinco pa\u00edses animan torneo internacional en Cuba"},"content":{"rendered":"<p><body><\/p>\n<p><img decoding=\"async\" src=\"img3\/TorneoBoxeo-Cuba.jpg\" \/>  <\/p>\n<p><span class=\"text1noticias\">La Habana, 2 jun (PL) Peleadores de cinco pa\u00edses animan desde hoy el Torneo Internacional de Boxeo Giraldo C\u00f3rdova Card\u00edn, cuya edici\u00f3n 46 tiene por sede al coliseo de la Ciudad Deportiva de La Habana.<\/span><\/p>\n<p><span class=\"text1noticias\"> <\/span><\/p>\n<p><span class=\"text1noticias\">Seg\u00fan el comit\u00e9 organizador, competidores provenientes de Tailandia, Marruecos, Holanda y Singapur pelear\u00e1n en el evento, mientras Cuba presentar\u00e1 a cinco selecciones.<\/span><\/p>\n<p><span class=\"text1noticias\"> <\/span><\/p>\n<p><span class=\"text1noticias\">De acuerdo con el metod\u00f3logo de la Comisi\u00f3n Nacional de Boxeo, Eduardo Limonta, segundas y terceras figuras de la selecci\u00f3n nacional integrar\u00e1n los elencos Cuba A, B y C, en tanto p\u00fagiles de perspectivas provenientes de distintas provincias cubanas conformar\u00e1n las armadas Habana A y B.<\/span><\/p>\n<p><span class=\"text1noticias\"> <\/span><\/p>\n<p><span class=\"text1noticias\">&#8216;El prop\u00f3sito es ofrecer preparaci\u00f3n a nuestros p\u00fagiles y dar continuidad a una cita de gran historia y tradici\u00f3n, marcada esta vez por la ausencia de nuestros mejores hombres, enrolados en la parte final de la Serie Mundial de Boxeo&#8217;, explic\u00f3 el directivo al portal deportivo Jit.<\/span><\/p>\n<p><span class=\"text1noticias\"> <\/span><\/p>\n<p><span class=\"text1noticias\">El programa de competencias plantea las semifinales del evento el domingo y lunes pr\u00f3ximos, mientras la final est\u00e1 fijada para el martes venidero.<\/span><\/p>\n<p><span class=\"text1noticias\"> <\/span><\/p>\n<p><span class=\"text1noticias\">Rolando Acebal, entrenador jefe del principal equipo cubano, ponder\u00f3 el significado de la justa para el fogueo de hombres experimentados y de proyecci\u00f3n futura.<\/span><\/p>\n<p><span class=\"text1noticias\"> <\/span><\/p>\n<p><span class=\"text1noticias\">Acebal asegur\u00f3 que los boxeadores de la isla intervendr\u00e1n despu\u00e9s en las tradicionales copas Roberto Balado, en La Habana; y Te\u00f3filo Stevenson, en la oriental provincia de Las Tunas.<\/span><\/p>\n<p><span class=\"text1noticias\"> <\/span><\/p>\n<p><span class=\"text1noticias\">Cuba presentar\u00e1 entre sus principales figuras en el Torneo Card\u00edn al bicampe\u00f3n ol\u00edmpico Robeysi Ram\u00edrez en los pesos plumas, el mosca Frank Zaldivar, el ligero Armando Mart\u00ednez, el ligero w\u00e9lter Kevin Brown y el w\u00e9lter Arisnoides Despaigne.<\/span><\/p>\n<p><span class=\"text1noticias\"> <\/span><\/p>\n<p><span class=\"text1noticias\">Tambi\u00e9n, a los medianos Hugo Noriega y Yunir Areu, al semicompleto campe\u00f3n mundial juvenil Osvary Morell, los cruceros Herich Ruiz y \u00c1ngelo Morej\u00f3n, as\u00ed como el superpesado Yoandry<\/span> Toirac.<\/p>\n<h6> 2017-06-02 13:31:23 <\/h6>\n<p><!--\n<link rel=\"stylesheet\" href=\"css\/bootstrap.min.css\">\n\n\n<ul class=\"pagination\">\n\t    \n\t\n\n<li >\n\t<a href='?page_no=8687'>Previous<\/a>\n\t<\/li>\n\n\n       \n    \n\n<li><a href='?page_no=1'>1<\/a><\/li>\n\n\n\n<li><a href='?page_no=2'>2<\/a><\/li>\n\n\n\n<li><a>...<\/a><\/li>\n\n\n\n<li><a href='?page_no=8686'>8686<\/a><\/li>\n\n\n\n<li><a href='?page_no=8687'>8687<\/a><\/li>\n\n\n\n<li class='active'><a>8688<\/a><\/li>\n\n\n\n<li><a href='?page_no=8689'>8689<\/a><\/li>\n\n\n\n<li><a href='?page_no=8690'>8690<\/a><\/li>\n\n\n\n<li><a>...<\/a><\/li>\n\n\n\n<li><a href='?page_no=36618'>36618<\/a><\/li>\n\n\n\n<li><a href='?page_no=36619'>36619<\/a><\/li>\n\n    \n\t\n\n<li >\n\t<a href='?page_no=8689'>Next<\/a>\n\t<\/li>\n\n\n    \n\n<li><a href='?page_no=36619'>Last &rsaquo;&rsaquo;<\/a><\/li>\n\n<\/ul>\n\n\n--><br \/>\n<\/body><\/p>\n","protected":false},"excerpt":{"rendered":"<p>La Habana, 2 jun (PL) Peleadores de cinco pa\u00edses animan desde hoy el Torneo Internacional de Boxeo Giraldo C\u00f3rdova Card\u00edn, cuya edici\u00f3n 46 tiene por sede al coliseo de la Ciudad Deportiva de La Habana. Seg\u00fan el comit\u00e9 organizador, competidores provenientes de Tailandia, Marruecos, Holanda y Singapur pelear\u00e1n en el evento, mientras Cuba presentar\u00e1 a [&hellip;]<\/p>\n","protected":false},"author":3,"featured_media":0,"comment_status":"open","ping_status":"open","sticky":false,"template":"","format":"standard","meta":{"footnotes":""},"categories":[17],"tags":[],"class_list":["post-209378","post","type-post","status-publish","format-standard","hentry","category-deportes"],"_links":{"self":[{"href":"https:\/\/diariodominicano.com\/index.php?rest_route=\/wp\/v2\/posts\/209378","targetHints":{"allow":["GET"]}}],"collection":[{"href":"https:\/\/diariodominicano.com\/index.php?rest_route=\/wp\/v2\/posts"}],"about":[{"href":"https:\/\/diariodominicano.com\/index.php?rest_route=\/wp\/v2\/types\/post"}],"author":[{"embeddable":true,"href":"https:\/\/diariodominicano.com\/index.php?rest_route=\/wp\/v2\/users\/3"}],"replies":[{"embeddable":true,"href":"https:\/\/diariodominicano.com\/index.php?rest_route=%2Fwp%2Fv2%2Fcomments&post=209378"}],"version-history":[{"count":0,"href":"https:\/\/diariodominicano.com\/index.php?rest_route=\/wp\/v2\/posts\/209378\/revisions"}],"wp:attachment":[{"href":"https:\/\/diariodominicano.com\/index.php?rest_route=%2Fwp%2Fv2%2Fmedia&parent=209378"}],"wp:term":[{"taxonomy":"category","embeddable":true,"href":"https:\/\/diariodominicano.com\/index.php?rest_route=%2Fwp%2Fv2%2Fcategories&post=209378"},{"taxonomy":"post_tag","embeddable":true,"href":"https:\/\/diariodominicano.com\/index.php?rest_route=%2Fwp%2Fv2%2Ftags&post=209378"}],"curies":[{"name":"wp","href":"https:\/\/api.w.org\/{rel}","templated":true}]}}