{"id":209377,"date":"2017-06-02T13:56:45","date_gmt":"2017-06-02T13:56:45","guid":{"rendered":"http:\/\/diariodominicano.ddns.net\/?p=209377"},"modified":"2017-06-02T13:56:45","modified_gmt":"2017-06-02T13:56:45","slug":"establecen-recorrido-de-vuelta-ciclistica-a-colombia","status":"publish","type":"post","link":"https:\/\/diariodominicano.com\/?p=209377","title":{"rendered":"Establecen recorrido de Vuelta Cicl\u00edstica a Colombia"},"content":{"rendered":"<p><body><\/p>\n<p><img decoding=\"async\" src=\"img3\/Ciclismo-Colombia.jpg\" \/>  <\/p>\n<p><span class=\"text1noticias\">Bogot\u00e1, 2 jun (PL) La Federaci\u00f3n Colombiana de Ciclismo estableci\u00f3 hoy el recorrido que tendr\u00e1 la 67 Vuelta Cicl\u00edstica a Colombia, a celebrarse del 1 al 13 de agosto pr\u00f3ximo, con salida en Antioquia y meta final en Risaralda.<\/span><\/p>\n<p><span class=\"text1noticias\"> <\/span><\/p>\n<p><span class=\"text1noticias\">La nueva versi\u00f3n de esta competencia recorrer\u00e1 los departamentos de Antioquia, Boyac\u00e1, Santander, Cundinamarca, Caldas, Valle, Tolima y Risaralda, con la mayor parte de la ruta por el denominado Eje Cafetero.<\/span><\/p>\n<p><span class=\"text1noticias\"> <\/span><\/p>\n<p><span class=\"text1noticias\">La tradicional prueba comenzar\u00e1 con una carrera contrarreloj por equipos de 17,8 kil\u00f3metros entre Rionegro y el parque principal de La Ceja, municipio del oriente antioque\u00f1o y cuna del afamado sprint Fernando Gaviria.<\/span><\/p>\n<p><span class=\"text1noticias\"> <\/span><\/p>\n<p><span class=\"text1noticias\">El primer tramo de carretera saldr\u00e1 del propio municipio de Rionegro, pr\u00f3ximo a Medell\u00edn, hasta Puerto Boyac\u00e1, en la demarcaci\u00f3n de Santander, con una distancia de 173 kil\u00f3metros, pasando por varias ciudades pr\u00f3ximas al R\u00edo Magdalena.<\/span><\/p>\n<p><span class=\"text1noticias\"> <\/span><\/p>\n<p><span class=\"text1noticias\">La etapa m\u00e1s dif\u00edcil de la vuelta ser\u00e1 la novena jornada de monta\u00f1as, sobre una distancia de 131.6 kil\u00f3metros, con final en el Alto de Letras, ascendiendo desde la localidad de Mariquita.<\/span><\/p>\n<p><span class=\"text1noticias\"> <\/span><\/p>\n<p><span class=\"text1noticias\">En esta justa de carretera participar\u00e1n decenas de equipos profesionales y aficionados de Colombia y de otros pa<\/span>\u00edses.<\/p>\n<h6> 2017-06-02 13:56:45 <\/h6>\n<p><!--\n<link rel=\"stylesheet\" href=\"css\/bootstrap.min.css\">\n\n\n<ul class=\"pagination\">\n\t    \n\t\n\n<li >\n\t<a href='?page_no=8686'>Previous<\/a>\n\t<\/li>\n\n\n       \n    \n\n<li><a href='?page_no=1'>1<\/a><\/li>\n\n\n\n<li><a href='?page_no=2'>2<\/a><\/li>\n\n\n\n<li><a>...<\/a><\/li>\n\n\n\n<li><a href='?page_no=8685'>8685<\/a><\/li>\n\n\n\n<li><a href='?page_no=8686'>8686<\/a><\/li>\n\n\n\n<li class='active'><a>8687<\/a><\/li>\n\n\n\n<li><a href='?page_no=8688'>8688<\/a><\/li>\n\n\n\n<li><a href='?page_no=8689'>8689<\/a><\/li>\n\n\n\n<li><a>...<\/a><\/li>\n\n\n\n<li><a href='?page_no=36618'>36618<\/a><\/li>\n\n\n\n<li><a href='?page_no=36619'>36619<\/a><\/li>\n\n    \n\t\n\n<li >\n\t<a href='?page_no=8688'>Next<\/a>\n\t<\/li>\n\n\n    \n\n<li><a href='?page_no=36619'>Last &rsaquo;&rsaquo;<\/a><\/li>\n\n<\/ul>\n\n\n--><br \/>\n<\/body><\/p>\n","protected":false},"excerpt":{"rendered":"<p>Bogot\u00e1, 2 jun (PL) La Federaci\u00f3n Colombiana de Ciclismo estableci\u00f3 hoy el recorrido que tendr\u00e1 la 67 Vuelta Cicl\u00edstica a Colombia, a celebrarse del 1 al 13 de agosto pr\u00f3ximo, con salida en Antioquia y meta final en Risaralda. La nueva versi\u00f3n de esta competencia recorrer\u00e1 los departamentos de Antioquia, Boyac\u00e1, Santander, Cundinamarca, Caldas, Valle, [&hellip;]<\/p>\n","protected":false},"author":3,"featured_media":0,"comment_status":"open","ping_status":"open","sticky":false,"template":"","format":"standard","meta":{"footnotes":""},"categories":[17],"tags":[],"class_list":["post-209377","post","type-post","status-publish","format-standard","hentry","category-deportes"],"_links":{"self":[{"href":"https:\/\/diariodominicano.com\/index.php?rest_route=\/wp\/v2\/posts\/209377","targetHints":{"allow":["GET"]}}],"collection":[{"href":"https:\/\/diariodominicano.com\/index.php?rest_route=\/wp\/v2\/posts"}],"about":[{"href":"https:\/\/diariodominicano.com\/index.php?rest_route=\/wp\/v2\/types\/post"}],"author":[{"embeddable":true,"href":"https:\/\/diariodominicano.com\/index.php?rest_route=\/wp\/v2\/users\/3"}],"replies":[{"embeddable":true,"href":"https:\/\/diariodominicano.com\/index.php?rest_route=%2Fwp%2Fv2%2Fcomments&post=209377"}],"version-history":[{"count":0,"href":"https:\/\/diariodominicano.com\/index.php?rest_route=\/wp\/v2\/posts\/209377\/revisions"}],"wp:attachment":[{"href":"https:\/\/diariodominicano.com\/index.php?rest_route=%2Fwp%2Fv2%2Fmedia&parent=209377"}],"wp:term":[{"taxonomy":"category","embeddable":true,"href":"https:\/\/diariodominicano.com\/index.php?rest_route=%2Fwp%2Fv2%2Fcategories&post=209377"},{"taxonomy":"post_tag","embeddable":true,"href":"https:\/\/diariodominicano.com\/index.php?rest_route=%2Fwp%2Fv2%2Ftags&post=209377"}],"curies":[{"name":"wp","href":"https:\/\/api.w.org\/{rel}","templated":true}]}}