{"id":209363,"date":"2017-06-05T08:19:22","date_gmt":"2017-06-05T08:19:22","guid":{"rendered":"http:\/\/diariodominicano.ddns.net\/?p=209363"},"modified":"2017-06-05T08:19:22","modified_gmt":"2017-06-05T08:19:22","slug":"edinson-volquez-le-dedico-su-no-hitter-a-yordano-ventura-y-jose-fernandez","status":"publish","type":"post","link":"https:\/\/diariodominicano.com\/?p=209363","title":{"rendered":"Edinson V\u00f3lquez le dedic\u00f3 su no-hitter a Yordano Ventura y Jos\u00e9 Fern\u00e1ndez"},"content":{"rendered":"<p><body><\/p>\n<p><img decoding=\"async\" src=\"img3\/volquez.jpg\" \/>  <\/p>\n<p>Tras haber logrado su primer juego sin hit ni carrera, el lanzador dominicano de los Marlins, Edinson V\u00f3lquez, habl\u00f3 de sus ex compa\u00f1eros fallecidos &#8211; su compatriota Yordano Ventura y el cubano Jos\u00e9 Fern\u00e1ndez. El derecho confes\u00f3 que extra\u00f1a a ambos y que estaba seguro que los ex lanzadores lo estaban viendo desde arriba y que de alguna forma lo ayudaron a lograr la haza\u00f1a.<\/p>\n<\/p>\n<p>De esta manera, V\u00f3lquez le hizo saber a las familias de los extintos peloteros que su recuerdo sigue vivo, que el b\u00e9isbol a\u00fan llora su partida.<\/p>\n<p>En ocasiones, un d\u00eda m\u00e1gico como \u00e9ste parece casi predestinado. Las cosas pasan por algo. V\u00f3lquez lanz\u00f3 su primer no-hitter la tarde del s\u00e1bado en el sur de la Florida en la victoria 3-0 sobre los D-backs.<\/p>\n<\/p>\n<p>V\u00f3lquez estuvo a punto de salir del juego tras apenas tres lanzamientos, luego de una colisi\u00f3n con Rey Fuentes, el primer bate de Arizona, al cubrir la inicial, cayendo mal con su tobillo.<\/p>\n<p>\u00abCre\u00ed que me hab\u00eda roto el tobillo\u00bb, brome\u00f3 V\u00f3lquez.<\/p>\n<\/p>\n<p>El dominicano public\u00f3 una foto de \u00e9l y Ventura en su cuenta de Instagram antes de subir a la loma en el Marlins Park. Nos record\u00f3 que Ventura habr\u00eda cumplido 26 a\u00f1os de edad el s\u00e1bado y que todav\u00eda lo extra\u00f1a mucho y siempre lo lleva en su mente.<\/p>\n<\/p>\n<p>Ambos fueron compa\u00f1eros de equipo con los Reales y ambos ganaron la Serie Mundial en el 2015, y qued\u00f3 devastado cuando Ventura falleci\u00f3 en un accidente automovil\u00edstico en su natal Rep\u00fablica Dominicana en enero pasado.<\/p>\n<\/p>\n<p>\u00abSignifica mucho para m\u00ed\u00bb, declar\u00f3 V\u00f3lquez. \u00ab\u00c9ramos muy unidos. Su partida me doli\u00f3 bastante. Y lograr lo que logr\u00e9 hoy, es bien especial para m\u00ed porque este juego se lo dediqu\u00e9 a \u00e9l. Fue uno de esos d\u00edas en el que despiertas y realmente no sabes lo que va a pasar. Cuando menos piensas, ya lanzaste un no-hitter.<\/p>\n<\/p>\n<p>Lo mismo dijo para Fern\u00e1ndez. V\u00f3lquez y el ex lanzador cubano nunca fueron compa\u00f1eros de equipo, pero el dominicano pasa por el casillero de Jos\u00e9 cada d\u00eda en el clubhouse. Los compa\u00f1eros de Fern\u00e1ndez decidieron mantener el casillero intacto para siempre tener a su ex compa\u00f1ero y amigo presente. El cubano falleci\u00f3 en septiembre pasado durante un accidente mar\u00edtimo en el Sur de la Florida. Ten\u00eda apenas 24 a\u00f1os de edad. <\/p>\n<\/p>\n<p>Esta iba a ser una temporada bien especial para Fern\u00e1ndez porque, con Miami siendo la sede del Juego de Estrellas el 12 de julio, el cubano habr\u00eda sido el anfitri\u00f3n informal para la regi\u00f3n entera. S\u00ed, as\u00ed de popular era el cubano.<\/p>\n<\/p>\n<p>\u00abTodo mundo amaba a Jos\u00e9\u00bb, destac\u00f3 V\u00f3lquez. \u00abTambi\u00e9n le dedico este juego a \u00e9l. Aprecio mucho todo lo que \u00e9l hizo aqu\u00ed, y la gente lo quer\u00eda mucho. Me siento bendecido de haber lanzado un juego sin hit ni carrera en su propia lomita\u00bb.<\/p>\n<\/p>\n<p>Cuando hayan pasado varios a\u00f1os, V\u00f3lquez podr\u00eda recordar este momento y decidir que la lesi\u00f3n en su tobillo realmente lo ayud\u00f3 a conseguir la haza\u00f1a. Porque se vio limitado en sus movimientos, quiz\u00e1s se vio obligado a regresar a lo b\u00e1sico y se enfoc\u00f3 en la mec\u00e1nica de lanzar y confi\u00f3 en su material de una manera en la que usualmente no lo hace.<\/p>\n<h6> 2017-06-05 08:19:22 <\/h6>\n<p><!--\n<link rel=\"stylesheet\" href=\"css\/bootstrap.min.css\">\n\n\n<ul class=\"pagination\">\n\t    \n\t\n\n<li >\n\t<a href='?page_no=8673'>Previous<\/a>\n\t<\/li>\n\n\n       \n    \n\n<li><a href='?page_no=1'>1<\/a><\/li>\n\n\n\n<li><a href='?page_no=2'>2<\/a><\/li>\n\n\n\n<li><a>...<\/a><\/li>\n\n\n\n<li><a href='?page_no=8672'>8672<\/a><\/li>\n\n\n\n<li><a href='?page_no=8673'>8673<\/a><\/li>\n\n\n\n<li class='active'><a>8674<\/a><\/li>\n\n\n\n<li><a href='?page_no=8675'>8675<\/a><\/li>\n\n\n\n<li><a href='?page_no=8676'>8676<\/a><\/li>\n\n\n\n<li><a>...<\/a><\/li>\n\n\n\n<li><a href='?page_no=36618'>36618<\/a><\/li>\n\n\n\n<li><a href='?page_no=36619'>36619<\/a><\/li>\n\n    \n\t\n\n<li >\n\t<a href='?page_no=8675'>Next<\/a>\n\t<\/li>\n\n\n    \n\n<li><a href='?page_no=36619'>Last &rsaquo;&rsaquo;<\/a><\/li>\n\n<\/ul>\n\n\n--><br \/>\n<\/body><\/p>\n","protected":false},"excerpt":{"rendered":"<p>Tras haber logrado su primer juego sin hit ni carrera, el lanzador dominicano de los Marlins, Edinson V\u00f3lquez, habl\u00f3 de sus ex compa\u00f1eros fallecidos &#8211; su compatriota Yordano Ventura y el cubano Jos\u00e9 Fern\u00e1ndez. El derecho confes\u00f3 que extra\u00f1a a ambos y que estaba seguro que los ex lanzadores lo estaban viendo desde arriba y [&hellip;]<\/p>\n","protected":false},"author":3,"featured_media":0,"comment_status":"open","ping_status":"open","sticky":false,"template":"","format":"standard","meta":{"footnotes":""},"categories":[17],"tags":[],"class_list":["post-209363","post","type-post","status-publish","format-standard","hentry","category-deportes"],"_links":{"self":[{"href":"https:\/\/diariodominicano.com\/index.php?rest_route=\/wp\/v2\/posts\/209363","targetHints":{"allow":["GET"]}}],"collection":[{"href":"https:\/\/diariodominicano.com\/index.php?rest_route=\/wp\/v2\/posts"}],"about":[{"href":"https:\/\/diariodominicano.com\/index.php?rest_route=\/wp\/v2\/types\/post"}],"author":[{"embeddable":true,"href":"https:\/\/diariodominicano.com\/index.php?rest_route=\/wp\/v2\/users\/3"}],"replies":[{"embeddable":true,"href":"https:\/\/diariodominicano.com\/index.php?rest_route=%2Fwp%2Fv2%2Fcomments&post=209363"}],"version-history":[{"count":0,"href":"https:\/\/diariodominicano.com\/index.php?rest_route=\/wp\/v2\/posts\/209363\/revisions"}],"wp:attachment":[{"href":"https:\/\/diariodominicano.com\/index.php?rest_route=%2Fwp%2Fv2%2Fmedia&parent=209363"}],"wp:term":[{"taxonomy":"category","embeddable":true,"href":"https:\/\/diariodominicano.com\/index.php?rest_route=%2Fwp%2Fv2%2Fcategories&post=209363"},{"taxonomy":"post_tag","embeddable":true,"href":"https:\/\/diariodominicano.com\/index.php?rest_route=%2Fwp%2Fv2%2Ftags&post=209363"}],"curies":[{"name":"wp","href":"https:\/\/api.w.org\/{rel}","templated":true}]}}