{"id":209360,"date":"2017-06-05T14:20:44","date_gmt":"2017-06-05T14:20:44","guid":{"rendered":"http:\/\/diariodominicano.ddns.net\/?p=209360"},"modified":"2017-06-05T14:20:44","modified_gmt":"2017-06-05T14:20:44","slug":"fc-barcelona-concluira-contrato-de-patrocinio-con-qatar-airways","status":"publish","type":"post","link":"https:\/\/diariodominicano.com\/?p=209360","title":{"rendered":"FC Barcelona concluir\u00e1 contrato de patrocinio con Qatar Airways"},"content":{"rendered":"<p><body><\/p>\n<p><img decoding=\"async\" src=\"img3\/Barcelona-Qatar.jpg\" \/>  <\/p>\n<p><span class=\"text1noticias\">Barcelona, Espa\u00f1a, 5 jun (PL) El Barcelona de la Liga espa\u00f1ola de f\u00fatbol record\u00f3 hoy que su contrato con Qatar Airways concluir\u00e1 el 30 de junio, despu\u00e9s de que varios pa\u00edses \u00e1rabes rompieran relaciones con esa naci\u00f3n por presunto financiamiento al terrorismo.<\/span><\/p>\n<p><span class=\"text1noticias\"> <\/span><\/p>\n<p><span class=\"text1noticias\">La p\u00e1gina web especializada Goal refiere que en la entidad catalana existe una postura de total tranquilidad ante las graves acusaciones a ese pa\u00eds, con el cual ha mantenido v\u00ednculos de patrocinios desde 2011.<\/span><\/p>\n<p><span class=\"text1noticias\"> <\/span><\/p>\n<p><span class=\"text1noticias\">&#8216;Es una circunstancia que no nos afecta en absoluto porque el patrocinio con Qatar Airways vencer\u00e1 el pr\u00f3ximo 30 de junio y a partir del 1 de julio ya no tendremos nada que ver&#8217;, asegur\u00f3 una fuente interna al club citada por Goal.<\/span><\/p>\n<p><span class=\"text1noticias\"> <\/span><\/p>\n<p><span class=\"text1noticias\">Precisamente, tras las medidas tomadas por varios estados de Oriente Medio la aerol\u00ednea Qatar Airways decidi\u00f3 cancelar todos sus vuelos hacia Emiratos \u00c1rabes Unidos, Bahrein, Arabia Saudita, Egipto, Yemen, Libia, Maldivas y Mauricio.<\/span><\/p>\n<p><span class=\"text1noticias\"> <\/span><\/p>\n<p><span class=\"text1noticias\">Las medidas sobre Qatar recayeron tras la acusaci\u00f3n de Arabia Saudita, quien aleg\u00f3 que dicho estado desestabiliza la zona de Oriente Medio financiando y hospedando el terrorismo del Estado Isl\u00e1mico.<\/span><\/p>\n<p><span class=\"text1noticias\"> <\/span><\/p>\n<p><span class=\"text1noticias\">Por su parte, el gobierno qatar\u00ed asegura que tales acusaciones son injustificadas y est\u00e1n basadas en alegaciones falsas, sin fundamento alguno, por lo que son categ\u00f3ricamente inaceptables. Asimismo, se conoci\u00f3 que el Par\u00eds Saint Germain de la liga francesa, otro club vinculado a Qatar, se mostr\u00f3 particularmente inquieto al respecto, aunque neg\u00f3 igualmente a Goal que dichas informaciones llegadas desde esa naci\u00f3n puedan tener influencia alguna en la imagen del club fran<\/span>c\u00e9s.<\/p>\n<h6> 2017-06-05 14:20:44 <\/h6>\n<p><!--\n<link rel=\"stylesheet\" href=\"css\/bootstrap.min.css\">\n\n\n<ul class=\"pagination\">\n\t    \n\t\n\n<li >\n\t<a href='?page_no=8670'>Previous<\/a>\n\t<\/li>\n\n\n       \n    \n\n<li><a href='?page_no=1'>1<\/a><\/li>\n\n\n\n<li><a href='?page_no=2'>2<\/a><\/li>\n\n\n\n<li><a>...<\/a><\/li>\n\n\n\n<li><a href='?page_no=8669'>8669<\/a><\/li>\n\n\n\n<li><a href='?page_no=8670'>8670<\/a><\/li>\n\n\n\n<li class='active'><a>8671<\/a><\/li>\n\n\n\n<li><a href='?page_no=8672'>8672<\/a><\/li>\n\n\n\n<li><a href='?page_no=8673'>8673<\/a><\/li>\n\n\n\n<li><a>...<\/a><\/li>\n\n\n\n<li><a href='?page_no=36618'>36618<\/a><\/li>\n\n\n\n<li><a href='?page_no=36619'>36619<\/a><\/li>\n\n    \n\t\n\n<li >\n\t<a href='?page_no=8672'>Next<\/a>\n\t<\/li>\n\n\n    \n\n<li><a href='?page_no=36619'>Last &rsaquo;&rsaquo;<\/a><\/li>\n\n<\/ul>\n\n\n--><br \/>\n<\/body><\/p>\n","protected":false},"excerpt":{"rendered":"<p>Barcelona, Espa\u00f1a, 5 jun (PL) El Barcelona de la Liga espa\u00f1ola de f\u00fatbol record\u00f3 hoy que su contrato con Qatar Airways concluir\u00e1 el 30 de junio, despu\u00e9s de que varios pa\u00edses \u00e1rabes rompieran relaciones con esa naci\u00f3n por presunto financiamiento al terrorismo. La p\u00e1gina web especializada Goal refiere que en la entidad catalana existe una [&hellip;]<\/p>\n","protected":false},"author":3,"featured_media":0,"comment_status":"open","ping_status":"open","sticky":false,"template":"","format":"standard","meta":{"footnotes":""},"categories":[17],"tags":[],"class_list":["post-209360","post","type-post","status-publish","format-standard","hentry","category-deportes"],"_links":{"self":[{"href":"https:\/\/diariodominicano.com\/index.php?rest_route=\/wp\/v2\/posts\/209360","targetHints":{"allow":["GET"]}}],"collection":[{"href":"https:\/\/diariodominicano.com\/index.php?rest_route=\/wp\/v2\/posts"}],"about":[{"href":"https:\/\/diariodominicano.com\/index.php?rest_route=\/wp\/v2\/types\/post"}],"author":[{"embeddable":true,"href":"https:\/\/diariodominicano.com\/index.php?rest_route=\/wp\/v2\/users\/3"}],"replies":[{"embeddable":true,"href":"https:\/\/diariodominicano.com\/index.php?rest_route=%2Fwp%2Fv2%2Fcomments&post=209360"}],"version-history":[{"count":0,"href":"https:\/\/diariodominicano.com\/index.php?rest_route=\/wp\/v2\/posts\/209360\/revisions"}],"wp:attachment":[{"href":"https:\/\/diariodominicano.com\/index.php?rest_route=%2Fwp%2Fv2%2Fmedia&parent=209360"}],"wp:term":[{"taxonomy":"category","embeddable":true,"href":"https:\/\/diariodominicano.com\/index.php?rest_route=%2Fwp%2Fv2%2Fcategories&post=209360"},{"taxonomy":"post_tag","embeddable":true,"href":"https:\/\/diariodominicano.com\/index.php?rest_route=%2Fwp%2Fv2%2Ftags&post=209360"}],"curies":[{"name":"wp","href":"https:\/\/api.w.org\/{rel}","templated":true}]}}