{"id":209359,"date":"2017-06-05T14:34:00","date_gmt":"2017-06-05T14:34:00","guid":{"rendered":"http:\/\/diariodominicano.ddns.net\/?p=209359"},"modified":"2017-06-05T14:34:00","modified_gmt":"2017-06-05T14:34:00","slug":"ratifican-que-serie-del-caribe-2018-sera-en-venezuela","status":"publish","type":"post","link":"https:\/\/diariodominicano.com\/?p=209359","title":{"rendered":"Ratifican que Serie del Caribe-2018 ser\u00e1 en Venezuela"},"content":{"rendered":"<p><body><\/p>\n<p><img decoding=\"async\" src=\"img3\/Juan-Franco Puello.jpg\" \/>  <\/p>\n<p><span class=\"text1noticias\">Santo Domingo, 5 jun (PL) El presidente de la Confederaci\u00f3n de B\u00e9isbol del Caribe, el dominicano Juan Francisco Puello, ratific\u00f3 hoy a la ciudad venezolana de Barquisimeto como sede de la Serie de B\u00e9isbol del Caribe del 2018.<\/span><\/p>\n<p><span class=\"text1noticias\"> <\/span><\/p>\n<p><span class=\"text1noticias\">Venezuela sigue siendo la opci\u00f3n principal y hasta ahora ser\u00e1 la sede del evento, aunque en caso de que exista alg\u00fan problema, buscaremos alguna forma de resolverlo, pero reitero que la Serie va en Barquisimeto, explic\u00f3.<\/span><\/p>\n<p><span class=\"text1noticias\"> <\/span><\/p>\n<p><span class=\"text1noticias\">El dirigente deportivo rest\u00f3 importancia as\u00ed a rumores sobre otras opciones, debido a la crisis pol\u00edtica que vive la naci\u00f3n sudamericana.<\/span><\/p>\n<p><span class=\"text1noticias\"> <\/span><\/p>\n<p><span class=\"text1noticias\">Todo va como lo hemos programado, de ninguna manera se ha pensado cambiar la Serie, aunque en caso necesario, har\u00edamos los ajustes de lugar, expres\u00f3.<\/span><\/p>\n<p><span class=\"text1noticias\"> <\/span><\/p>\n<p><span class=\"text1noticias\">Si todo sigue como hasta ahora, la justa se disputar\u00e1 en el estadio Antonio Herrera Guti\u00e9rrez, que fue sometido a un proceso de remodelac<\/span>i\u00f3n.<\/p>\n<h6> 2017-06-05 14:34:00 <\/h6>\n<p><!--\n<link rel=\"stylesheet\" href=\"css\/bootstrap.min.css\">\n\n\n<ul class=\"pagination\">\n\t    \n\t\n\n<li >\n\t<a href='?page_no=8669'>Previous<\/a>\n\t<\/li>\n\n\n       \n    \n\n<li><a href='?page_no=1'>1<\/a><\/li>\n\n\n\n<li><a href='?page_no=2'>2<\/a><\/li>\n\n\n\n<li><a>...<\/a><\/li>\n\n\n\n<li><a href='?page_no=8668'>8668<\/a><\/li>\n\n\n\n<li><a href='?page_no=8669'>8669<\/a><\/li>\n\n\n\n<li class='active'><a>8670<\/a><\/li>\n\n\n\n<li><a href='?page_no=8671'>8671<\/a><\/li>\n\n\n\n<li><a href='?page_no=8672'>8672<\/a><\/li>\n\n\n\n<li><a>...<\/a><\/li>\n\n\n\n<li><a href='?page_no=36618'>36618<\/a><\/li>\n\n\n\n<li><a href='?page_no=36619'>36619<\/a><\/li>\n\n    \n\t\n\n<li >\n\t<a href='?page_no=8671'>Next<\/a>\n\t<\/li>\n\n\n    \n\n<li><a href='?page_no=36619'>Last &rsaquo;&rsaquo;<\/a><\/li>\n\n<\/ul>\n\n\n--><br \/>\n<\/body><\/p>\n","protected":false},"excerpt":{"rendered":"<p>Santo Domingo, 5 jun (PL) El presidente de la Confederaci\u00f3n de B\u00e9isbol del Caribe, el dominicano Juan Francisco Puello, ratific\u00f3 hoy a la ciudad venezolana de Barquisimeto como sede de la Serie de B\u00e9isbol del Caribe del 2018. Venezuela sigue siendo la opci\u00f3n principal y hasta ahora ser\u00e1 la sede del evento, aunque en caso [&hellip;]<\/p>\n","protected":false},"author":3,"featured_media":0,"comment_status":"open","ping_status":"open","sticky":false,"template":"","format":"standard","meta":{"footnotes":""},"categories":[17],"tags":[],"class_list":["post-209359","post","type-post","status-publish","format-standard","hentry","category-deportes"],"_links":{"self":[{"href":"https:\/\/diariodominicano.com\/index.php?rest_route=\/wp\/v2\/posts\/209359","targetHints":{"allow":["GET"]}}],"collection":[{"href":"https:\/\/diariodominicano.com\/index.php?rest_route=\/wp\/v2\/posts"}],"about":[{"href":"https:\/\/diariodominicano.com\/index.php?rest_route=\/wp\/v2\/types\/post"}],"author":[{"embeddable":true,"href":"https:\/\/diariodominicano.com\/index.php?rest_route=\/wp\/v2\/users\/3"}],"replies":[{"embeddable":true,"href":"https:\/\/diariodominicano.com\/index.php?rest_route=%2Fwp%2Fv2%2Fcomments&post=209359"}],"version-history":[{"count":0,"href":"https:\/\/diariodominicano.com\/index.php?rest_route=\/wp\/v2\/posts\/209359\/revisions"}],"wp:attachment":[{"href":"https:\/\/diariodominicano.com\/index.php?rest_route=%2Fwp%2Fv2%2Fmedia&parent=209359"}],"wp:term":[{"taxonomy":"category","embeddable":true,"href":"https:\/\/diariodominicano.com\/index.php?rest_route=%2Fwp%2Fv2%2Fcategories&post=209359"},{"taxonomy":"post_tag","embeddable":true,"href":"https:\/\/diariodominicano.com\/index.php?rest_route=%2Fwp%2Fv2%2Ftags&post=209359"}],"curies":[{"name":"wp","href":"https:\/\/api.w.org\/{rel}","templated":true}]}}