{"id":209353,"date":"2017-06-06T08:27:59","date_gmt":"2017-06-06T08:27:59","guid":{"rendered":"http:\/\/diariodominicano.ddns.net\/?p=209353"},"modified":"2017-06-06T08:27:59","modified_gmt":"2017-06-06T08:27:59","slug":"david-ortiz-regresaria-a-boston-en-un-rol-aun-por-definir","status":"publish","type":"post","link":"https:\/\/diariodominicano.com\/?p=209353","title":{"rendered":"David Ortiz regresar\u00eda a Boston en un rol a\u00fan por definir"},"content":{"rendered":"<p><body><\/p>\n<p><img decoding=\"async\" src=\"img3\/DOrtiz.jpg\" \/>  <\/p>\n<p>NUEVA YORK, 6 de junio.- El retirado ca\u00f1onero dominicano David Ortiz insinu\u00f3 el lunes que existe la posibilidad de que regrese a la organizaci\u00f3n de los Medias Rojas en un rol a\u00fan por definir.<\/p>\n<\/p>\n<p>Ortiz y los Medias Rojas se encuentran en negociaciones sobre el futuro rol que el ex bateador designado tendr\u00eda con el equipo, as\u00ed lo dijo el propio Big Papi durante un evento caritativo en Manhattan.<\/p>\n<\/p>\n<p>\u00abHemos estado en pl\u00e1ticas, pero hasta ahora no hay nada concreto\u00bb, declar\u00f3 Ortiz acerca de las negociaciones. \u00abEstamos en continua comunicaci\u00f3n. En alg\u00fan momento se va a concretar algo. Yo me considero parte de esa organizaci\u00f3n\u00bb.<\/p>\n<\/p>\n<p>Cuando se le pregunt\u00f3 si su potencial rol ser\u00eda dentro de la directiva o en el dugout, Ortiz no quiso dar detalles.<\/p>\n<p>\u00abLes har\u00e9 saber despu\u00e9s\u00bb, respondi\u00f3.<\/p>\n<h6> 2017-06-06 08:27:59 <\/h6>\n<p><!--\n<link rel=\"stylesheet\" href=\"css\/bootstrap.min.css\">\n\n\n<ul class=\"pagination\">\n\t    \n\t\n\n<li >\n\t<a href='?page_no=8664'>Previous<\/a>\n\t<\/li>\n\n\n       \n    \n\n<li><a href='?page_no=1'>1<\/a><\/li>\n\n\n\n<li><a href='?page_no=2'>2<\/a><\/li>\n\n\n\n<li><a>...<\/a><\/li>\n\n\n\n<li><a href='?page_no=8663'>8663<\/a><\/li>\n\n\n\n<li><a href='?page_no=8664'>8664<\/a><\/li>\n\n\n\n<li class='active'><a>8665<\/a><\/li>\n\n\n\n<li><a href='?page_no=8666'>8666<\/a><\/li>\n\n\n\n<li><a href='?page_no=8667'>8667<\/a><\/li>\n\n\n\n<li><a>...<\/a><\/li>\n\n\n\n<li><a href='?page_no=36618'>36618<\/a><\/li>\n\n\n\n<li><a href='?page_no=36619'>36619<\/a><\/li>\n\n    \n\t\n\n<li >\n\t<a href='?page_no=8666'>Next<\/a>\n\t<\/li>\n\n\n    \n\n<li><a href='?page_no=36619'>Last &rsaquo;&rsaquo;<\/a><\/li>\n\n<\/ul>\n\n\n--><br \/>\n<\/body><\/p>\n","protected":false},"excerpt":{"rendered":"<p>NUEVA YORK, 6 de junio.- El retirado ca\u00f1onero dominicano David Ortiz insinu\u00f3 el lunes que existe la posibilidad de que regrese a la organizaci\u00f3n de los Medias Rojas en un rol a\u00fan por definir. Ortiz y los Medias Rojas se encuentran en negociaciones sobre el futuro rol que el ex bateador designado tendr\u00eda con el [&hellip;]<\/p>\n","protected":false},"author":3,"featured_media":0,"comment_status":"open","ping_status":"open","sticky":false,"template":"","format":"standard","meta":{"footnotes":""},"categories":[17],"tags":[],"class_list":["post-209353","post","type-post","status-publish","format-standard","hentry","category-deportes"],"_links":{"self":[{"href":"https:\/\/diariodominicano.com\/index.php?rest_route=\/wp\/v2\/posts\/209353","targetHints":{"allow":["GET"]}}],"collection":[{"href":"https:\/\/diariodominicano.com\/index.php?rest_route=\/wp\/v2\/posts"}],"about":[{"href":"https:\/\/diariodominicano.com\/index.php?rest_route=\/wp\/v2\/types\/post"}],"author":[{"embeddable":true,"href":"https:\/\/diariodominicano.com\/index.php?rest_route=\/wp\/v2\/users\/3"}],"replies":[{"embeddable":true,"href":"https:\/\/diariodominicano.com\/index.php?rest_route=%2Fwp%2Fv2%2Fcomments&post=209353"}],"version-history":[{"count":0,"href":"https:\/\/diariodominicano.com\/index.php?rest_route=\/wp\/v2\/posts\/209353\/revisions"}],"wp:attachment":[{"href":"https:\/\/diariodominicano.com\/index.php?rest_route=%2Fwp%2Fv2%2Fmedia&parent=209353"}],"wp:term":[{"taxonomy":"category","embeddable":true,"href":"https:\/\/diariodominicano.com\/index.php?rest_route=%2Fwp%2Fv2%2Fcategories&post=209353"},{"taxonomy":"post_tag","embeddable":true,"href":"https:\/\/diariodominicano.com\/index.php?rest_route=%2Fwp%2Fv2%2Ftags&post=209353"}],"curies":[{"name":"wp","href":"https:\/\/api.w.org\/{rel}","templated":true}]}}