{"id":209346,"date":"2017-06-06T14:13:47","date_gmt":"2017-06-06T14:13:47","guid":{"rendered":"http:\/\/diariodominicano.ddns.net\/?p=209346"},"modified":"2017-06-06T14:13:47","modified_gmt":"2017-06-06T14:13:47","slug":"fallece-el-padre-del-unico-gol-olimpico-en-copas-del-mundo","status":"publish","type":"post","link":"https:\/\/diariodominicano.com\/?p=209346","title":{"rendered":"Fallece el padre del \u00fanico gol ol\u00edmpico en Copas del Mundo"},"content":{"rendered":"<p><body><\/p>\n<p><img decoding=\"async\" src=\"img3\/Marcos-Coll.jpg\" \/>  <\/p>\n<p><span class=\"text1noticias\">Bogot\u00e1, 6 jun (PL) El exfutbolista internacional colombiano Marcos Coll falleci\u00f3 la noche del lunes informaron hoy los familiares de quien se lleva a la tumba el honor de haber marcado el \u00fanico gol ol\u00edmpico en Copas Mundiales de F\u00fatbol.<\/span><\/p>\n<p><span class=\"text1noticias\"> <\/span><\/p>\n<p><span class=\"text1noticias\">La proeza ocurri\u00f3 el 3 de junio de 1962 durante el Mundial de Chile, primera aparici\u00f3n del once cafetero en citas del orbe, y la v\u00edctima del golazo fue nada menos que el m\u00edtico portero sovi\u00e9tico Lev &#8216;La ara\u00f1a negra&#8217; Yashin.<\/span><\/p>\n<p><span class=\"text1noticias\"> <\/span><\/p>\n<p><span class=\"text1noticias\">Con la diana facturada por el mediocampista Coll mediante un tiro de esquina directo a las redes de la caba\u00f1a sovi\u00e9tica, la selecci\u00f3n sudamericana, detr\u00e1s en la pizarra del estadio de Arica (4-1) desde el minuto 58, puso el marcador 4-2 en camino hacia una remontada que culminaron los tantos de Rada y Klingler en las postrimer\u00edas, v\u00e1lidos para sellar la igualada.<\/span><\/p>\n<p><span class=\"text1noticias\"> <\/span><\/p>\n<p><span class=\"text1noticias\">Nacido en la ciudad caribe\u00f1a de Barranquilla el 23 de agosto de 1935, Coll falleci\u00f3 a causa de una afecci\u00f3n pulmonar que lo aquejaba desde hace varios meses, seg\u00fan la misma fuente.<\/span><\/p>\n<p><span class=\"text1noticias\"> <\/span><\/p>\n<p><span class=\"text1noticias\">Debut\u00f3 en el f\u00fatbol profesional en 1952 en el ya desaparecido equipo Sporting, de su ciudad natal, y luego fue campe\u00f3n de Colombia con Independiente Medell\u00edn en 1955.<\/span><\/p>\n<p><span class=\"text1noticias\"> <\/span><\/p>\n<p><span class=\"text1noticias\">Tras su paso por Am\u00e9rica de Cali y Deportes Tolima colg\u00f3 las botas en 1971 cuando formaba parte de la plantilla del Junior de Barranqu<\/span>illa.<\/p>\n<h6> 2017-06-06 14:13:47 <\/h6>\n<p><!--\n<link rel=\"stylesheet\" href=\"css\/bootstrap.min.css\">\n\n\n<ul class=\"pagination\">\n\t    \n\t\n\n<li >\n\t<a href='?page_no=8658'>Previous<\/a>\n\t<\/li>\n\n\n       \n    \n\n<li><a href='?page_no=1'>1<\/a><\/li>\n\n\n\n<li><a href='?page_no=2'>2<\/a><\/li>\n\n\n\n<li><a>...<\/a><\/li>\n\n\n\n<li><a href='?page_no=8657'>8657<\/a><\/li>\n\n\n\n<li><a href='?page_no=8658'>8658<\/a><\/li>\n\n\n\n<li class='active'><a>8659<\/a><\/li>\n\n\n\n<li><a href='?page_no=8660'>8660<\/a><\/li>\n\n\n\n<li><a href='?page_no=8661'>8661<\/a><\/li>\n\n\n\n<li><a>...<\/a><\/li>\n\n\n\n<li><a href='?page_no=36618'>36618<\/a><\/li>\n\n\n\n<li><a href='?page_no=36619'>36619<\/a><\/li>\n\n    \n\t\n\n<li >\n\t<a href='?page_no=8660'>Next<\/a>\n\t<\/li>\n\n\n    \n\n<li><a href='?page_no=36619'>Last &rsaquo;&rsaquo;<\/a><\/li>\n\n<\/ul>\n\n\n--><br \/>\n<\/body><\/p>\n","protected":false},"excerpt":{"rendered":"<p>Bogot\u00e1, 6 jun (PL) El exfutbolista internacional colombiano Marcos Coll falleci\u00f3 la noche del lunes informaron hoy los familiares de quien se lleva a la tumba el honor de haber marcado el \u00fanico gol ol\u00edmpico en Copas Mundiales de F\u00fatbol. La proeza ocurri\u00f3 el 3 de junio de 1962 durante el Mundial de Chile, primera [&hellip;]<\/p>\n","protected":false},"author":3,"featured_media":0,"comment_status":"open","ping_status":"open","sticky":false,"template":"","format":"standard","meta":{"footnotes":""},"categories":[17],"tags":[],"class_list":["post-209346","post","type-post","status-publish","format-standard","hentry","category-deportes"],"_links":{"self":[{"href":"https:\/\/diariodominicano.com\/index.php?rest_route=\/wp\/v2\/posts\/209346","targetHints":{"allow":["GET"]}}],"collection":[{"href":"https:\/\/diariodominicano.com\/index.php?rest_route=\/wp\/v2\/posts"}],"about":[{"href":"https:\/\/diariodominicano.com\/index.php?rest_route=\/wp\/v2\/types\/post"}],"author":[{"embeddable":true,"href":"https:\/\/diariodominicano.com\/index.php?rest_route=\/wp\/v2\/users\/3"}],"replies":[{"embeddable":true,"href":"https:\/\/diariodominicano.com\/index.php?rest_route=%2Fwp%2Fv2%2Fcomments&post=209346"}],"version-history":[{"count":0,"href":"https:\/\/diariodominicano.com\/index.php?rest_route=\/wp\/v2\/posts\/209346\/revisions"}],"wp:attachment":[{"href":"https:\/\/diariodominicano.com\/index.php?rest_route=%2Fwp%2Fv2%2Fmedia&parent=209346"}],"wp:term":[{"taxonomy":"category","embeddable":true,"href":"https:\/\/diariodominicano.com\/index.php?rest_route=%2Fwp%2Fv2%2Fcategories&post=209346"},{"taxonomy":"post_tag","embeddable":true,"href":"https:\/\/diariodominicano.com\/index.php?rest_route=%2Fwp%2Fv2%2Ftags&post=209346"}],"curies":[{"name":"wp","href":"https:\/\/api.w.org\/{rel}","templated":true}]}}