{"id":209345,"date":"2017-06-06T14:20:18","date_gmt":"2017-06-06T14:20:18","guid":{"rendered":"http:\/\/diariodominicano.ddns.net\/?p=209345"},"modified":"2017-06-06T14:20:18","modified_gmt":"2017-06-06T14:20:18","slug":"chile-primer-equipo-en-arribar-a-rusia-para-copa-confederaciones","status":"publish","type":"post","link":"https:\/\/diariodominicano.com\/?p=209345","title":{"rendered":"Chile, primer equipo en arribar a Rusia para Copa Confederaciones"},"content":{"rendered":"<p><body><\/p>\n<p><span class=\"text1noticias\">Mosc\u00fa, 6 jun (PL) La selecci\u00f3n de Chile se convirti\u00f3 hoy en el primer equipo participante de la Copa Confederaciones de f\u00fatbol en arribar a Rusia, donde efectuar\u00e1 el viernes un partido amistoso con el pa\u00eds anfitri\u00f3n.<\/span><\/p>\n<p><span class=\"text1noticias\"> <\/span><\/p>\n<p><span class=\"text1noticias\">El conjunto suramericano, campe\u00f3n de la Copa Am\u00e9rica, enfrentar\u00e1 dentro de tres d\u00edas a los locales en la Arena CSKA de Mosc\u00fa, como parte de su preparaci\u00f3n de cara al torneo de naciones y a las eliminatorias mundialistas por Sudam\u00e9rica rumbo a Rusia-2018.<\/span><\/p>\n<p><span class=\"text1noticias\"> <\/span><\/p>\n<p><span class=\"text1noticias\">Despu\u00e9s del encuentro con la escuadra rusa, La Roja de Am\u00e9rica viajar\u00e1 a Rumania para enfrentar de manera preparatoria el d\u00eda 13 a la escuadra local.<\/span><\/p>\n<p><span class=\"text1noticias\"> <\/span><\/p>\n<p><span class=\"text1noticias\">Chile debutar\u00e1 en la Copa Confederaciones el 18 de junio contra Camer\u00fan, en el estadio de Spartak de la capital rusa, cuyo grupo B comparte adem\u00e1s con el campe\u00f3n mundial Alemania y Australia.<\/span><\/p>\n<p><span class=\"text1noticias\"> <\/span><\/p>\n<p><span class=\"text1noticias\">Debutante en este torneo, la representaci\u00f3n del pa\u00eds andino estar\u00e1 respaldada en Rusia por unos ocho mil aficionados, quienes ya han adquirido sus boletos.<\/span><\/p>\n<p><span class=\"text1noticias\"> <\/span><\/p>\n<p><span class=\"text1noticias\">La selecci\u00f3n chilena, dirigida por Juan Antonio Pizzi, tiene entre sus principales figuras al mediocampista Arturo Vidal, del Bayern Munich alem\u00e1n, al delantero Alexis S\u00e1nchez, del Arsenal ingl\u00e9s, al portero Claudio Bravo, del Manchester City de la Premier, y al defensa Gary Medel, del Inter de Mil\u00e1n itali<\/span>ano.<\/p>\n<h6> 2017-06-06 14:20:18 <\/h6>\n<p><!--\n<link rel=\"stylesheet\" href=\"css\/bootstrap.min.css\">\n\n\n<ul class=\"pagination\">\n\t    \n\t\n\n<li >\n\t<a href='?page_no=8657'>Previous<\/a>\n\t<\/li>\n\n\n       \n    \n\n<li><a href='?page_no=1'>1<\/a><\/li>\n\n\n\n<li><a href='?page_no=2'>2<\/a><\/li>\n\n\n\n<li><a>...<\/a><\/li>\n\n\n\n<li><a href='?page_no=8656'>8656<\/a><\/li>\n\n\n\n<li><a href='?page_no=8657'>8657<\/a><\/li>\n\n\n\n<li class='active'><a>8658<\/a><\/li>\n\n\n\n<li><a href='?page_no=8659'>8659<\/a><\/li>\n\n\n\n<li><a href='?page_no=8660'>8660<\/a><\/li>\n\n\n\n<li><a>...<\/a><\/li>\n\n\n\n<li><a href='?page_no=36618'>36618<\/a><\/li>\n\n\n\n<li><a href='?page_no=36619'>36619<\/a><\/li>\n\n    \n\t\n\n<li >\n\t<a href='?page_no=8659'>Next<\/a>\n\t<\/li>\n\n\n    \n\n<li><a href='?page_no=36619'>Last &rsaquo;&rsaquo;<\/a><\/li>\n\n<\/ul>\n\n\n--><br \/>\n<\/body><\/p>\n","protected":false},"excerpt":{"rendered":"<p>Mosc\u00fa, 6 jun (PL) La selecci\u00f3n de Chile se convirti\u00f3 hoy en el primer equipo participante de la Copa Confederaciones de f\u00fatbol en arribar a Rusia, donde efectuar\u00e1 el viernes un partido amistoso con el pa\u00eds anfitri\u00f3n. El conjunto suramericano, campe\u00f3n de la Copa Am\u00e9rica, enfrentar\u00e1 dentro de tres d\u00edas a los locales en la [&hellip;]<\/p>\n","protected":false},"author":3,"featured_media":0,"comment_status":"open","ping_status":"open","sticky":false,"template":"","format":"standard","meta":{"footnotes":""},"categories":[17],"tags":[],"class_list":["post-209345","post","type-post","status-publish","format-standard","hentry","category-deportes"],"_links":{"self":[{"href":"https:\/\/diariodominicano.com\/index.php?rest_route=\/wp\/v2\/posts\/209345","targetHints":{"allow":["GET"]}}],"collection":[{"href":"https:\/\/diariodominicano.com\/index.php?rest_route=\/wp\/v2\/posts"}],"about":[{"href":"https:\/\/diariodominicano.com\/index.php?rest_route=\/wp\/v2\/types\/post"}],"author":[{"embeddable":true,"href":"https:\/\/diariodominicano.com\/index.php?rest_route=\/wp\/v2\/users\/3"}],"replies":[{"embeddable":true,"href":"https:\/\/diariodominicano.com\/index.php?rest_route=%2Fwp%2Fv2%2Fcomments&post=209345"}],"version-history":[{"count":0,"href":"https:\/\/diariodominicano.com\/index.php?rest_route=\/wp\/v2\/posts\/209345\/revisions"}],"wp:attachment":[{"href":"https:\/\/diariodominicano.com\/index.php?rest_route=%2Fwp%2Fv2%2Fmedia&parent=209345"}],"wp:term":[{"taxonomy":"category","embeddable":true,"href":"https:\/\/diariodominicano.com\/index.php?rest_route=%2Fwp%2Fv2%2Fcategories&post=209345"},{"taxonomy":"post_tag","embeddable":true,"href":"https:\/\/diariodominicano.com\/index.php?rest_route=%2Fwp%2Fv2%2Ftags&post=209345"}],"curies":[{"name":"wp","href":"https:\/\/api.w.org\/{rel}","templated":true}]}}