{"id":209344,"date":"2017-06-06T14:24:57","date_gmt":"2017-06-06T14:24:57","guid":{"rendered":"http:\/\/diariodominicano.ddns.net\/?p=209344"},"modified":"2017-06-06T14:24:57","modified_gmt":"2017-06-06T14:24:57","slug":"turan-expulsado-de-la-seleccion-turca-tras-agresion-a-periodista","status":"publish","type":"post","link":"https:\/\/diariodominicano.com\/?p=209344","title":{"rendered":"Turan expulsado de la selecci\u00f3n turca tras agresi\u00f3n a periodista"},"content":{"rendered":"<p><body><\/p>\n<p><img decoding=\"async\" src=\"img3\/Arda-Turan.jpg\" \/>  <\/p>\n<p><span class=\"text1noticias\">Ankara, 6 jun (PL) El entrenador de la selecci\u00f3n turca de f\u00fatbol, Fatih Terim, expuls\u00f3 hoy al internacional Arda Turan de la concentraci\u00f3n del equipo, debido a su agresi\u00f3n a un periodista de ese pa\u00eds en el avi\u00f3n del conjunto.<\/span><\/p>\n<p><span class=\"text1noticias\"> <\/span><\/p>\n<p><span class=\"text1noticias\">Terim, considerado una leyenda del f\u00fatbol turco, decidi\u00f3 expulsar al jugador del FC Barcelona de la Liga espa\u00f1ola luego del incidente, despu\u00e9s de que este lunes el elenco igualara en un partido amistoso por 0-0 ante Macedonia, en Skopje.<\/span><\/p>\n<p><span class=\"text1noticias\"> <\/span><\/p>\n<p><span class=\"text1noticias\">Seg\u00fan el diario Hurriyet, Turan reconoci\u00f3 al periodista Bilal Mese en el pasaje del viaje desde Trieste, Italia, hacia Eslovenia, adonde se dirig\u00eda la selecci\u00f3n para preparar el partido del domingo frente a Kosovo.<\/span><\/p>\n<p><span class=\"text1noticias\"> <\/span><\/p>\n<p><span class=\"text1noticias\">Turan acus\u00f3 a Mese de escribir mentiras sobre \u00e9l y otros jugadores del equipo, por lo que lo agarr\u00f3 por el cuello y lo golpe\u00f3 mientras le insultaba, debido a una serie de reportajes del periodista, que para nada justific\u00f3 su actitud agresiva.<\/span><\/p>\n<p><span class=\"text1noticias\"> <\/span><\/p>\n<p><span class=\"text1noticias\">Mese hab\u00eda se\u00f1alado en sus trabajos que Turan y otros jugadores hab\u00edan sido los responsables de solicitar m\u00e1s dinero y los promotores de algunas disputas creadas dentro del equipo.<\/span><\/p>\n<p><span class=\"text1noticias\"> <\/span><\/p>\n<p><span class=\"text1noticias\">&#8216;Dime Bilal Mese, \u00bfestabas all\u00ed? \u00bfEstabas con nosotros cuando escribiste sobre el asunto del dinero? \u00bfA qui\u00e9n le pedimos dinero? \u00bfPor qu\u00e9 no hablas ahora? Te pregunto aqu\u00ed, \u00bfqui\u00e9n te orden\u00f3 escribir esas cosas?&#8217;, espet\u00f3 el centrocampista al periodista, citado por varios medios de prensa.<\/span><\/p>\n<p><span class=\"text1noticias\"> <\/span><\/p>\n<p><span class=\"text1noticias\">Por su parte, la asociaci\u00f3n de periodistas deportivos de Turqu\u00eda protest\u00f3 contra Turan, tras considerar totalmente inaceptable la agresi\u00f3n verbal y f\u00edsica.<\/span><\/p>\n<p><span class=\"text1noticias\"> <\/span><\/p>\n<p><span class=\"text1noticias\">En su defensa, ante la deplorable actitud, el jugador del club catal\u00e1n, quien no neg\u00f3 el incidente, aleg\u00f3 en su cuenta de la red social Instagram que puede aceptar cualquier cr\u00edtica de su forma de jugar al f\u00fatbol, pero nunca insultos a su honor y a su familia.<\/span><\/p>\n<p><span class=\"text1noticias\"> <\/span><\/p>\n<p><span class=\"text1noticias\">&#8216;Agradezco a los periodistas que critican mi f\u00fatbol (&#8230;) Esto es una profesi\u00f3n. Es normal. Pero no voy a permitir (ataques) a mi familia y a mis valores&#8217;, asever\u00f3, mientras agreg\u00f3 que &#8216;quien intente atacar mi honor y mi familia obtendr\u00e1 una respuesta con todo el poder que mis capacidades y Dios me han dado&#8217;.<\/span><\/p>\n<p><span class=\"text1noticias\"> <\/span><\/p>\n<p><span class=\"text1noticias\">Igualmente, Turan critic\u00f3 a gritos a la Federaci\u00f3n turca y a su presidente, Yildirim Demiroren.<\/span><\/p>\n<p><span class=\"text1noticias\"> <\/span><\/p>\n<p><span class=\"text1noticias\">Posteriormente, en conferencia de prensa, Turan anunci\u00f3 que dejar\u00e1 la selecci\u00f3n, &#8216;no jugar\u00e9 m\u00e1s con Turqu\u00eda. Es triste, pero no me arrepiento de lo que he hecho porque ha sido para defender mi honor&#8217;, asegur\u00f3.<\/span><\/p>\n<p><span class=\"text1noticias\"> <\/span><\/p>\n<p><span class=\"text1noticias\">Asimismo, argument\u00f3 que ha jugado para la selecci\u00f3n en todas las categor\u00edas, &#8216;amo mi pa\u00eds, mi bandera y mi selecci\u00f3n. He hecho muchos sacrificios, pero se acab\u00f3: me voy de la selecci\u00f3n. Yo nunca pens\u00e9 ser una estrella futbol\u00edstica, siempre quise ser una persona honorable. Yo dejo la selecci\u00f3n como un hombre honorable&#8217;.<\/span><\/p>\n<p><span class=\"text1noticias\"> <\/span><\/p>\n<p><span class=\"text1noticias\">Turan forma parte desde 2006 de la selecci\u00f3n turca, en la cual fungi\u00f3 como capit\u00e1n, y es uno de los jugadores m\u00e1s admirad<\/span>os del pa\u00eds.<\/p>\n<h6> 2017-06-06 14:24:57 <\/h6>\n<p><!--\n<link rel=\"stylesheet\" href=\"css\/bootstrap.min.css\">\n\n\n<ul class=\"pagination\">\n\t    \n\t\n\n<li >\n\t<a href='?page_no=8656'>Previous<\/a>\n\t<\/li>\n\n\n       \n    \n\n<li><a href='?page_no=1'>1<\/a><\/li>\n\n\n\n<li><a href='?page_no=2'>2<\/a><\/li>\n\n\n\n<li><a>...<\/a><\/li>\n\n\n\n<li><a href='?page_no=8655'>8655<\/a><\/li>\n\n\n\n<li><a href='?page_no=8656'>8656<\/a><\/li>\n\n\n\n<li class='active'><a>8657<\/a><\/li>\n\n\n\n<li><a href='?page_no=8658'>8658<\/a><\/li>\n\n\n\n<li><a href='?page_no=8659'>8659<\/a><\/li>\n\n\n\n<li><a>...<\/a><\/li>\n\n\n\n<li><a href='?page_no=36618'>36618<\/a><\/li>\n\n\n\n<li><a href='?page_no=36619'>36619<\/a><\/li>\n\n    \n\t\n\n<li >\n\t<a href='?page_no=8658'>Next<\/a>\n\t<\/li>\n\n\n    \n\n<li><a href='?page_no=36619'>Last &rsaquo;&rsaquo;<\/a><\/li>\n\n<\/ul>\n\n\n--><br \/>\n<\/body><\/p>\n","protected":false},"excerpt":{"rendered":"<p>Ankara, 6 jun (PL) El entrenador de la selecci\u00f3n turca de f\u00fatbol, Fatih Terim, expuls\u00f3 hoy al internacional Arda Turan de la concentraci\u00f3n del equipo, debido a su agresi\u00f3n a un periodista de ese pa\u00eds en el avi\u00f3n del conjunto. Terim, considerado una leyenda del f\u00fatbol turco, decidi\u00f3 expulsar al jugador del FC Barcelona de [&hellip;]<\/p>\n","protected":false},"author":3,"featured_media":0,"comment_status":"open","ping_status":"open","sticky":false,"template":"","format":"standard","meta":{"footnotes":""},"categories":[17],"tags":[],"class_list":["post-209344","post","type-post","status-publish","format-standard","hentry","category-deportes"],"_links":{"self":[{"href":"https:\/\/diariodominicano.com\/index.php?rest_route=\/wp\/v2\/posts\/209344","targetHints":{"allow":["GET"]}}],"collection":[{"href":"https:\/\/diariodominicano.com\/index.php?rest_route=\/wp\/v2\/posts"}],"about":[{"href":"https:\/\/diariodominicano.com\/index.php?rest_route=\/wp\/v2\/types\/post"}],"author":[{"embeddable":true,"href":"https:\/\/diariodominicano.com\/index.php?rest_route=\/wp\/v2\/users\/3"}],"replies":[{"embeddable":true,"href":"https:\/\/diariodominicano.com\/index.php?rest_route=%2Fwp%2Fv2%2Fcomments&post=209344"}],"version-history":[{"count":0,"href":"https:\/\/diariodominicano.com\/index.php?rest_route=\/wp\/v2\/posts\/209344\/revisions"}],"wp:attachment":[{"href":"https:\/\/diariodominicano.com\/index.php?rest_route=%2Fwp%2Fv2%2Fmedia&parent=209344"}],"wp:term":[{"taxonomy":"category","embeddable":true,"href":"https:\/\/diariodominicano.com\/index.php?rest_route=%2Fwp%2Fv2%2Fcategories&post=209344"},{"taxonomy":"post_tag","embeddable":true,"href":"https:\/\/diariodominicano.com\/index.php?rest_route=%2Fwp%2Fv2%2Ftags&post=209344"}],"curies":[{"name":"wp","href":"https:\/\/api.w.org\/{rel}","templated":true}]}}