{"id":209339,"date":"2017-06-07T13:31:57","date_gmt":"2017-06-07T13:31:57","guid":{"rendered":"http:\/\/diariodominicano.ddns.net\/?p=209339"},"modified":"2017-06-07T13:31:57","modified_gmt":"2017-06-07T13:31:57","slug":"tecnico-argentino-berizzo-cerca-de-fichar-con-el-espanol-sevilla-fc","status":"publish","type":"post","link":"https:\/\/diariodominicano.com\/?p=209339","title":{"rendered":"T\u00e9cnico argentino Berizzo cerca de fichar con el espa\u00f1ol Sevilla FC"},"content":{"rendered":"<p><body><\/p>\n<p><span class=\"text1noticias\">Sevilla, Espa\u00f1a, 7 jun (PL) El t\u00e9cnico argentino de f\u00fatbol Eduardo Berizzo podr\u00eda firmar un contrato con el club espa\u00f1ol Sevilla, se conoci\u00f3 hoy aqu\u00ed.<\/span><\/p>\n<p><span class=\"text1noticias\"> <\/span><\/p>\n<p><span class=\"text1noticias\">Seg\u00fan fuentes cercanas al equipo, el exentrenador del Celta de Vigo y su representante Gustavo Manenti recibieron las condiciones del contrato que en primera instancia ser\u00e1 por las pr\u00f3ximas dos temporadas.<\/span><\/p>\n<p><span class=\"text1noticias\"> <\/span><\/p>\n<p><span class=\"text1noticias\">De concretarse el acuerdo, Berizzo sustituir\u00e1 en el cargo a su compatriota y actual DT de Argentina, Jorge Sampaoli.<\/span><\/p>\n<p><span class=\"text1noticias\"> <\/span><\/p>\n<p><span class=\"text1noticias\">Luego de la partida de Sampaoli para dirigir la albiceleste, la directiva del Sevilla manifest\u00f3 su inter\u00e9s en hacerse de los servicios de Berizzo, quien tiene caracter\u00edsticas estrat\u00e9gicas parecidas a las de su colega.<\/span><\/p>\n<p><span class=\"text1noticias\"> <\/span><\/p>\n<p><span class=\"text1noticias\">El f\u00fatbol de ataque, la asociaci\u00f3n constante de los jugadores sobre el campo y la aplicaci\u00f3n de una exigente disciplina son aspectos de la filosof\u00eda estrat\u00e9gica del &#8216;Toto&#8217; Berizzo que llaman la atenci\u00f3n de la directiva sevillista. ocs<\/span>\/rws<\/p>\n<h6> 2017-06-07 13:31:57 <\/h6>\n<p><!--\n<link rel=\"stylesheet\" href=\"css\/bootstrap.min.css\">\n\n\n<ul class=\"pagination\">\n\t    \n\t\n\n<li >\n\t<a href='?page_no=8651'>Previous<\/a>\n\t<\/li>\n\n\n       \n    \n\n<li><a href='?page_no=1'>1<\/a><\/li>\n\n\n\n<li><a href='?page_no=2'>2<\/a><\/li>\n\n\n\n<li><a>...<\/a><\/li>\n\n\n\n<li><a href='?page_no=8650'>8650<\/a><\/li>\n\n\n\n<li><a href='?page_no=8651'>8651<\/a><\/li>\n\n\n\n<li class='active'><a>8652<\/a><\/li>\n\n\n\n<li><a href='?page_no=8653'>8653<\/a><\/li>\n\n\n\n<li><a href='?page_no=8654'>8654<\/a><\/li>\n\n\n\n<li><a>...<\/a><\/li>\n\n\n\n<li><a href='?page_no=36618'>36618<\/a><\/li>\n\n\n\n<li><a href='?page_no=36619'>36619<\/a><\/li>\n\n    \n\t\n\n<li >\n\t<a href='?page_no=8653'>Next<\/a>\n\t<\/li>\n\n\n    \n\n<li><a href='?page_no=36619'>Last &rsaquo;&rsaquo;<\/a><\/li>\n\n<\/ul>\n\n\n--><br \/>\n<\/body><\/p>\n","protected":false},"excerpt":{"rendered":"<p>Sevilla, Espa\u00f1a, 7 jun (PL) El t\u00e9cnico argentino de f\u00fatbol Eduardo Berizzo podr\u00eda firmar un contrato con el club espa\u00f1ol Sevilla, se conoci\u00f3 hoy aqu\u00ed. Seg\u00fan fuentes cercanas al equipo, el exentrenador del Celta de Vigo y su representante Gustavo Manenti recibieron las condiciones del contrato que en primera instancia ser\u00e1 por las pr\u00f3ximas dos [&hellip;]<\/p>\n","protected":false},"author":3,"featured_media":0,"comment_status":"open","ping_status":"open","sticky":false,"template":"","format":"standard","meta":{"footnotes":""},"categories":[17],"tags":[],"class_list":["post-209339","post","type-post","status-publish","format-standard","hentry","category-deportes"],"_links":{"self":[{"href":"https:\/\/diariodominicano.com\/index.php?rest_route=\/wp\/v2\/posts\/209339","targetHints":{"allow":["GET"]}}],"collection":[{"href":"https:\/\/diariodominicano.com\/index.php?rest_route=\/wp\/v2\/posts"}],"about":[{"href":"https:\/\/diariodominicano.com\/index.php?rest_route=\/wp\/v2\/types\/post"}],"author":[{"embeddable":true,"href":"https:\/\/diariodominicano.com\/index.php?rest_route=\/wp\/v2\/users\/3"}],"replies":[{"embeddable":true,"href":"https:\/\/diariodominicano.com\/index.php?rest_route=%2Fwp%2Fv2%2Fcomments&post=209339"}],"version-history":[{"count":0,"href":"https:\/\/diariodominicano.com\/index.php?rest_route=\/wp\/v2\/posts\/209339\/revisions"}],"wp:attachment":[{"href":"https:\/\/diariodominicano.com\/index.php?rest_route=%2Fwp%2Fv2%2Fmedia&parent=209339"}],"wp:term":[{"taxonomy":"category","embeddable":true,"href":"https:\/\/diariodominicano.com\/index.php?rest_route=%2Fwp%2Fv2%2Fcategories&post=209339"},{"taxonomy":"post_tag","embeddable":true,"href":"https:\/\/diariodominicano.com\/index.php?rest_route=%2Fwp%2Fv2%2Ftags&post=209339"}],"curies":[{"name":"wp","href":"https:\/\/api.w.org\/{rel}","templated":true}]}}