{"id":209338,"date":"2017-06-07T13:48:46","date_gmt":"2017-06-07T13:48:46","guid":{"rendered":"http:\/\/diariodominicano.ddns.net\/?p=209338"},"modified":"2017-06-07T13:48:46","modified_gmt":"2017-06-07T13:48:46","slug":"ciclista-belga-de-gendt-contento-por-liderar-el-criterium-de-dauphine","status":"publish","type":"post","link":"https:\/\/diariodominicano.com\/?p=209338","title":{"rendered":"Ciclista belga De Gendt contento por liderar el Crit\u00e9rium de Dauphin\u00e9"},"content":{"rendered":"<p><body><\/p>\n<p><span class=\"text1noticias\">Bourgoin-Jallieu, Francia, 7 jun (PL) El ciclista belga Thomas de Gendt manifest\u00f3 hoy aqu\u00ed su satisfacci\u00f3n por mantener un d\u00eda m\u00e1s la camiseta de l\u00edder de la prueba francesa Crit\u00e9rium de Dauphin\u00e9.<\/span><\/p>\n<p><span class=\"text1noticias\"> <\/span><\/p>\n<p><span class=\"text1noticias\">De Gendt, de la formaci\u00f3n belga Lotto Soudal, asegur\u00f3 poco despu\u00e9s de finalizar la cuarta etapa estar muy contento con el resultado, a pesar de ceder 42 segundos en la clasificaci\u00f3n general ante su m\u00e1s cercano escolta, el australiano Richie Porte, ganador de la cuarta etapa.<\/span><\/p>\n<p><span class=\"text1noticias\"> <\/span><\/p>\n<p><span class=\"text1noticias\">&#8216;Estoy muy contento por continuar en la cima. Me sent\u00ed fuerte durante el trayecto y aunque perd\u00ed cierta ventaja, todav\u00eda saco medio minuto a Porte&#8217;, se\u00f1al\u00f3 De Gent luego de terminar noveno en la contrarreloj de 23,5 kil\u00f3metros entre las localidades de La Tour-du-Pin y Bourgoin-Jallieu.<\/span><\/p>\n<p><span class=\"text1noticias\"> <\/span><\/p>\n<p><span class=\"text1noticias\">No obstante, De Gent admiti\u00f3 saber que durante la etapa de monta\u00f1a del pr\u00f3ximo viernes perder\u00e1 la punta de la carrera ante los grandes favoritos de la lid.<\/span><\/p>\n<p><span class=\"text1noticias\"> <\/span><\/p>\n<p><span class=\"text1noticias\">De Gendt, quien domina la prueba con 13:05.53 horas, es seguido de cerca tambi\u00e9n por el espa\u00f1ol Alejandro Valverde, a 51 segundos, el holand\u00e9s Stef Clement, a 55, as\u00ed como por el tambi\u00e9n ib\u00e9rico Alberto Contador, a 1.02 minutos y el brit\u00e1nico Christopher Froome (1.04), grandes aspirantes al cetro.<\/span><\/p>\n<p><span class=\"text1noticias\"> <\/span><\/p>\n<p><span class=\"text1noticias\">Ma\u00f1ana se disputar\u00e1 la quinta etapa, \u00e9sta de 175,5 kil\u00f3metros con inicio en la lodalidad de La Tour-de-Salvagny y cierre en la de M<\/span>acon.<\/p>\n<h6> 2017-06-07 13:48:46 <\/h6>\n<p><!--\n<link rel=\"stylesheet\" href=\"css\/bootstrap.min.css\">\n\n\n<ul class=\"pagination\">\n\t    \n\t\n\n<li >\n\t<a href='?page_no=8650'>Previous<\/a>\n\t<\/li>\n\n\n       \n    \n\n<li><a href='?page_no=1'>1<\/a><\/li>\n\n\n\n<li><a href='?page_no=2'>2<\/a><\/li>\n\n\n\n<li><a>...<\/a><\/li>\n\n\n\n<li><a href='?page_no=8649'>8649<\/a><\/li>\n\n\n\n<li><a href='?page_no=8650'>8650<\/a><\/li>\n\n\n\n<li class='active'><a>8651<\/a><\/li>\n\n\n\n<li><a href='?page_no=8652'>8652<\/a><\/li>\n\n\n\n<li><a href='?page_no=8653'>8653<\/a><\/li>\n\n\n\n<li><a>...<\/a><\/li>\n\n\n\n<li><a href='?page_no=36618'>36618<\/a><\/li>\n\n\n\n<li><a href='?page_no=36619'>36619<\/a><\/li>\n\n    \n\t\n\n<li >\n\t<a href='?page_no=8652'>Next<\/a>\n\t<\/li>\n\n\n    \n\n<li><a href='?page_no=36619'>Last &rsaquo;&rsaquo;<\/a><\/li>\n\n<\/ul>\n\n\n--><br \/>\n<\/body><\/p>\n","protected":false},"excerpt":{"rendered":"<p>Bourgoin-Jallieu, Francia, 7 jun (PL) El ciclista belga Thomas de Gendt manifest\u00f3 hoy aqu\u00ed su satisfacci\u00f3n por mantener un d\u00eda m\u00e1s la camiseta de l\u00edder de la prueba francesa Crit\u00e9rium de Dauphin\u00e9. De Gendt, de la formaci\u00f3n belga Lotto Soudal, asegur\u00f3 poco despu\u00e9s de finalizar la cuarta etapa estar muy contento con el resultado, a [&hellip;]<\/p>\n","protected":false},"author":3,"featured_media":0,"comment_status":"open","ping_status":"open","sticky":false,"template":"","format":"standard","meta":{"footnotes":""},"categories":[17],"tags":[],"class_list":["post-209338","post","type-post","status-publish","format-standard","hentry","category-deportes"],"_links":{"self":[{"href":"https:\/\/diariodominicano.com\/index.php?rest_route=\/wp\/v2\/posts\/209338","targetHints":{"allow":["GET"]}}],"collection":[{"href":"https:\/\/diariodominicano.com\/index.php?rest_route=\/wp\/v2\/posts"}],"about":[{"href":"https:\/\/diariodominicano.com\/index.php?rest_route=\/wp\/v2\/types\/post"}],"author":[{"embeddable":true,"href":"https:\/\/diariodominicano.com\/index.php?rest_route=\/wp\/v2\/users\/3"}],"replies":[{"embeddable":true,"href":"https:\/\/diariodominicano.com\/index.php?rest_route=%2Fwp%2Fv2%2Fcomments&post=209338"}],"version-history":[{"count":0,"href":"https:\/\/diariodominicano.com\/index.php?rest_route=\/wp\/v2\/posts\/209338\/revisions"}],"wp:attachment":[{"href":"https:\/\/diariodominicano.com\/index.php?rest_route=%2Fwp%2Fv2%2Fmedia&parent=209338"}],"wp:term":[{"taxonomy":"category","embeddable":true,"href":"https:\/\/diariodominicano.com\/index.php?rest_route=%2Fwp%2Fv2%2Fcategories&post=209338"},{"taxonomy":"post_tag","embeddable":true,"href":"https:\/\/diariodominicano.com\/index.php?rest_route=%2Fwp%2Fv2%2Ftags&post=209338"}],"curies":[{"name":"wp","href":"https:\/\/api.w.org\/{rel}","templated":true}]}}