{"id":209334,"date":"2017-06-07T14:07:04","date_gmt":"2017-06-07T14:07:04","guid":{"rendered":"http:\/\/diariodominicano.ddns.net\/?p=209334"},"modified":"2017-06-07T14:07:04","modified_gmt":"2017-06-07T14:07:04","slug":"rays-deciden-seguir-con-martinez-miller-inhabilitado","status":"publish","type":"post","link":"https:\/\/diariodominicano.com\/?p=209334","title":{"rendered":"Rays deciden seguir con Mart\u00ednez; Miller inhabilitado"},"content":{"rendered":"<p><body><\/p>\n<p><span class=\"text1noticias\">Por Bill Chastain \/ MLB.com<\/span><\/p>\n<p><span class=\"text1noticias\">ST. PETERSBURG, 7 de junio, 2017.- &#8212; El dominicano Michael Mart\u00ednez permanecer\u00e1 en el roster de los Rays y Brad Miller ingresar\u00e1 a la lista de incapacitados de 10 d\u00edas.<\/span><\/p>\n<p><span class=\"text1noticias\"> <\/span><\/p>\n<p><span class=\"text1noticias\">Los Rays anunciaron el cambio de direcci\u00f3n el mi\u00e9rcoles en la tarde.<\/span><\/p>\n<p><span class=\"text1noticias\"> <\/span><\/p>\n<p><span class=\"text1noticias\">Luego de la derrota del martes en la noche por 4-2 ante los White Sox en el Tropicana Field, los Rays le informaron a los reporteros que designar\u00edan para asignaci\u00f3n al infielder quisqueyano para abrirle espacio en el roster de jugadores al diestro Jacob Faria, quien es el abridor del partido de esta noche.<\/span><\/p>\n<p><span class=\"text1noticias\"> <\/span><\/p>\n<p><span class=\"text1noticias\">Seg\u00fan mencionaron los Rays el mi\u00e9rcoles, el plan cambi\u00f3 cuando descubrieron que Miller, el segunda base titular del equipo, sufri\u00f3 un tir\u00f3n en la ingle derecha. As\u00ed que Miller ingresar\u00e1 a la lista de lesionados y Mart\u00ednez se mantendr\u00e1 con el equipo por el momen<\/span>to.<\/p>\n<h6> 2017-06-07 14:07:04 <\/h6>\n<p><!--\n<link rel=\"stylesheet\" href=\"css\/bootstrap.min.css\">\n\n\n<ul class=\"pagination\">\n\t    \n\t\n\n<li >\n\t<a href='?page_no=8647'>Previous<\/a>\n\t<\/li>\n\n\n       \n    \n\n<li><a href='?page_no=1'>1<\/a><\/li>\n\n\n\n<li><a href='?page_no=2'>2<\/a><\/li>\n\n\n\n<li><a>...<\/a><\/li>\n\n\n\n<li><a href='?page_no=8646'>8646<\/a><\/li>\n\n\n\n<li><a href='?page_no=8647'>8647<\/a><\/li>\n\n\n\n<li class='active'><a>8648<\/a><\/li>\n\n\n\n<li><a href='?page_no=8649'>8649<\/a><\/li>\n\n\n\n<li><a href='?page_no=8650'>8650<\/a><\/li>\n\n\n\n<li><a>...<\/a><\/li>\n\n\n\n<li><a href='?page_no=36618'>36618<\/a><\/li>\n\n\n\n<li><a href='?page_no=36619'>36619<\/a><\/li>\n\n    \n\t\n\n<li >\n\t<a href='?page_no=8649'>Next<\/a>\n\t<\/li>\n\n\n    \n\n<li><a href='?page_no=36619'>Last &rsaquo;&rsaquo;<\/a><\/li>\n\n<\/ul>\n\n\n--><br \/>\n<\/body><\/p>\n","protected":false},"excerpt":{"rendered":"<p>Por Bill Chastain \/ MLB.com ST. PETERSBURG, 7 de junio, 2017.- &#8212; El dominicano Michael Mart\u00ednez permanecer\u00e1 en el roster de los Rays y Brad Miller ingresar\u00e1 a la lista de incapacitados de 10 d\u00edas. Los Rays anunciaron el cambio de direcci\u00f3n el mi\u00e9rcoles en la tarde. Luego de la derrota del martes en la [&hellip;]<\/p>\n","protected":false},"author":3,"featured_media":0,"comment_status":"open","ping_status":"open","sticky":false,"template":"","format":"standard","meta":{"footnotes":""},"categories":[17],"tags":[],"class_list":["post-209334","post","type-post","status-publish","format-standard","hentry","category-deportes"],"_links":{"self":[{"href":"https:\/\/diariodominicano.com\/index.php?rest_route=\/wp\/v2\/posts\/209334","targetHints":{"allow":["GET"]}}],"collection":[{"href":"https:\/\/diariodominicano.com\/index.php?rest_route=\/wp\/v2\/posts"}],"about":[{"href":"https:\/\/diariodominicano.com\/index.php?rest_route=\/wp\/v2\/types\/post"}],"author":[{"embeddable":true,"href":"https:\/\/diariodominicano.com\/index.php?rest_route=\/wp\/v2\/users\/3"}],"replies":[{"embeddable":true,"href":"https:\/\/diariodominicano.com\/index.php?rest_route=%2Fwp%2Fv2%2Fcomments&post=209334"}],"version-history":[{"count":0,"href":"https:\/\/diariodominicano.com\/index.php?rest_route=\/wp\/v2\/posts\/209334\/revisions"}],"wp:attachment":[{"href":"https:\/\/diariodominicano.com\/index.php?rest_route=%2Fwp%2Fv2%2Fmedia&parent=209334"}],"wp:term":[{"taxonomy":"category","embeddable":true,"href":"https:\/\/diariodominicano.com\/index.php?rest_route=%2Fwp%2Fv2%2Fcategories&post=209334"},{"taxonomy":"post_tag","embeddable":true,"href":"https:\/\/diariodominicano.com\/index.php?rest_route=%2Fwp%2Fv2%2Ftags&post=209334"}],"curies":[{"name":"wp","href":"https:\/\/api.w.org\/{rel}","templated":true}]}}