{"id":209317,"date":"2017-06-09T10:58:12","date_gmt":"2017-06-09T10:58:12","guid":{"rendered":"http:\/\/diariodominicano.ddns.net\/?p=209317"},"modified":"2017-06-09T10:58:12","modified_gmt":"2017-06-09T10:58:12","slug":"rafael-nadal-ratifica-su-participacon-en-torneo-de-beijing","status":"publish","type":"post","link":"https:\/\/diariodominicano.com\/?p=209317","title":{"rendered":"Rafael Nadal ratifica su participac\u00f3n en torneo de Beijing"},"content":{"rendered":"<p><body><\/p>\n<p><img decoding=\"async\" src=\"img3\/1rafaelnadal.jpg\" \/>  <\/p>\n<p>Beijing, 9 jun (PL) El tenista espa\u00f1ol Rafael Nadal intervendr\u00e1 por s\u00e9ptima ocasi\u00f3n y quinta consecutiva en la justa de Beijing de octubre pr\u00f3ximo, indicaron hoy los organizadores del certamen asi\u00e1tico.<\/p>\n<\/p>\n<p>Nadal, citado por el comunicado de los encargados del certamen, manifest\u00f3 su entusiasmo al anunciar su participaci\u00f3n al torneo y de poder jugar otra vez en las canchas del Diamond Court.<\/p>\n<\/p>\n<p>La cita de categor\u00eda ATP 500 se jugar\u00e1 sobre superficie dura del 2 al 8 de octubre en la capital china, que servir\u00e1 de preparaci\u00f3n al Masters 1000 de Shanghai, pactado para una semana despu\u00e9s.<\/p>\n<\/p>\n<p>El jugador ib\u00e9rico, monarca ol\u00edmpico de Beijing-2008 en el propio Centro Nacional de Tenis, gan\u00f3 el t\u00edtulo del certamen en 2005 y arrib\u00f3 a las dos finales posteriores.<\/p>\n<\/p>\n<p>La confirmaci\u00f3n de la asistencia de Nadal sucede momentos antes de jugar la semifinal del Roland Garros ante el dominicano Dominic Thiem, \u00fanico que lo ha podido derrotar en la presente temporada sobre superficie de arcilla.<\/p>\n<h6> 2017-06-09 10:58:12 <\/h6>\n<p><!--\n<link rel=\"stylesheet\" href=\"css\/bootstrap.min.css\">\n\n\n<ul class=\"pagination\">\n\t    \n\t\n\n<li >\n\t<a href='?page_no=8631'>Previous<\/a>\n\t<\/li>\n\n\n       \n    \n\n<li><a href='?page_no=1'>1<\/a><\/li>\n\n\n\n<li><a href='?page_no=2'>2<\/a><\/li>\n\n\n\n<li><a>...<\/a><\/li>\n\n\n\n<li><a href='?page_no=8630'>8630<\/a><\/li>\n\n\n\n<li><a href='?page_no=8631'>8631<\/a><\/li>\n\n\n\n<li class='active'><a>8632<\/a><\/li>\n\n\n\n<li><a href='?page_no=8633'>8633<\/a><\/li>\n\n\n\n<li><a href='?page_no=8634'>8634<\/a><\/li>\n\n\n\n<li><a>...<\/a><\/li>\n\n\n\n<li><a href='?page_no=36618'>36618<\/a><\/li>\n\n\n\n<li><a href='?page_no=36619'>36619<\/a><\/li>\n\n    \n\t\n\n<li >\n\t<a href='?page_no=8633'>Next<\/a>\n\t<\/li>\n\n\n    \n\n<li><a href='?page_no=36619'>Last &rsaquo;&rsaquo;<\/a><\/li>\n\n<\/ul>\n\n\n--><br \/>\n<\/body><\/p>\n","protected":false},"excerpt":{"rendered":"<p>Beijing, 9 jun (PL) El tenista espa\u00f1ol Rafael Nadal intervendr\u00e1 por s\u00e9ptima ocasi\u00f3n y quinta consecutiva en la justa de Beijing de octubre pr\u00f3ximo, indicaron hoy los organizadores del certamen asi\u00e1tico. Nadal, citado por el comunicado de los encargados del certamen, manifest\u00f3 su entusiasmo al anunciar su participaci\u00f3n al torneo y de poder jugar otra [&hellip;]<\/p>\n","protected":false},"author":3,"featured_media":0,"comment_status":"open","ping_status":"open","sticky":false,"template":"","format":"standard","meta":{"footnotes":""},"categories":[17],"tags":[],"class_list":["post-209317","post","type-post","status-publish","format-standard","hentry","category-deportes"],"_links":{"self":[{"href":"https:\/\/diariodominicano.com\/index.php?rest_route=\/wp\/v2\/posts\/209317","targetHints":{"allow":["GET"]}}],"collection":[{"href":"https:\/\/diariodominicano.com\/index.php?rest_route=\/wp\/v2\/posts"}],"about":[{"href":"https:\/\/diariodominicano.com\/index.php?rest_route=\/wp\/v2\/types\/post"}],"author":[{"embeddable":true,"href":"https:\/\/diariodominicano.com\/index.php?rest_route=\/wp\/v2\/users\/3"}],"replies":[{"embeddable":true,"href":"https:\/\/diariodominicano.com\/index.php?rest_route=%2Fwp%2Fv2%2Fcomments&post=209317"}],"version-history":[{"count":0,"href":"https:\/\/diariodominicano.com\/index.php?rest_route=\/wp\/v2\/posts\/209317\/revisions"}],"wp:attachment":[{"href":"https:\/\/diariodominicano.com\/index.php?rest_route=%2Fwp%2Fv2%2Fmedia&parent=209317"}],"wp:term":[{"taxonomy":"category","embeddable":true,"href":"https:\/\/diariodominicano.com\/index.php?rest_route=%2Fwp%2Fv2%2Fcategories&post=209317"},{"taxonomy":"post_tag","embeddable":true,"href":"https:\/\/diariodominicano.com\/index.php?rest_route=%2Fwp%2Fv2%2Ftags&post=209317"}],"curies":[{"name":"wp","href":"https:\/\/api.w.org\/{rel}","templated":true}]}}