{"id":209316,"date":"2017-06-09T15:00:27","date_gmt":"2017-06-09T15:00:27","guid":{"rendered":"http:\/\/diariodominicano.ddns.net\/?p=209316"},"modified":"2017-06-09T15:00:27","modified_gmt":"2017-06-09T15:00:27","slug":"fiba-celebra-la-inclusion-del-3x3-en-tokio-2020","status":"publish","type":"post","link":"https:\/\/diariodominicano.com\/?p=209316","title":{"rendered":"FIBA celebra la inclusi\u00f3n del 3&#215;3 en Tokio-2020"},"content":{"rendered":"<p><body><\/p>\n<p><span class=\"text1noticias\">Mies, Suiza, 9 jun (PL) La Federaci\u00f3n Internacional de Baloncesto (FIBA) celebr\u00f3 hoy la inclusi\u00f3n en el programa de los Juegos Ol\u00edmpicos de Tokio-2020 de la modalidad 3&#215;3.<\/span><\/p>\n<p><span class=\"text1noticias\"> <\/span><\/p>\n<p><span class=\"text1noticias\">Es un d\u00eda hist\u00f3rico para la FIBA y para el 3&#215;3, el deporte urbano n\u00famero uno en el mundo, declar\u00f3 el secretario general del organismo, el suizo Patrick Baumann.<\/span><\/p>\n<p><span class=\"text1noticias\"> <\/span><\/p>\n<p><span class=\"text1noticias\">Seg\u00fan el organismo, la entrada al concierto estival aportar\u00e1 a esta disciplina apasionante e innovadora una amplia gama de oportunidades a nuevos pa\u00edses y deportistas.<\/span><\/p>\n<p><span class=\"text1noticias\"> <\/span><\/p>\n<p><span class=\"text1noticias\">Es el reconocimiento a 10 a\u00f1os de duro trabajo para codificar las reglas, a\u00f1adi\u00f3 Baumann, quien es tambi\u00e9n miembro del Comit\u00e9 Ol\u00edmpico Internacional (COI).<\/span><\/p>\n<p><span class=\"text1noticias\"> <\/span><\/p>\n<p><span class=\"text1noticias\">Por su parte, el presidente de la FIBA, el argentino Horacio Muratore, destac\u00f3 que el 3&#215;3 tiene la misma capacidad de desarrollo en un gran pa\u00eds que en una peque\u00f1a isla y a\u00f1adi\u00f3 que encaja perfectamente en Tokio-2020.<\/span><\/p>\n<p><span class=\"text1noticias\"> <\/span><\/p>\n<p><span class=\"text1noticias\">La FIBA a\u00f1adi\u00f3 que anunciar\u00e1 m\u00e1s adelante el formato de la competici\u00f3n ol\u00edmpica, el sistema de clasificaci\u00f3n y la <\/span>sede.<\/p>\n<\/p>\n<h6> 2017-06-09 15:00:27 <\/h6>\n<p><!--\n<link rel=\"stylesheet\" href=\"css\/bootstrap.min.css\">\n\n\n<ul class=\"pagination\">\n\t    \n\t\n\n<li >\n\t<a href='?page_no=8630'>Previous<\/a>\n\t<\/li>\n\n\n       \n    \n\n<li><a href='?page_no=1'>1<\/a><\/li>\n\n\n\n<li><a href='?page_no=2'>2<\/a><\/li>\n\n\n\n<li><a>...<\/a><\/li>\n\n\n\n<li><a href='?page_no=8629'>8629<\/a><\/li>\n\n\n\n<li><a href='?page_no=8630'>8630<\/a><\/li>\n\n\n\n<li class='active'><a>8631<\/a><\/li>\n\n\n\n<li><a href='?page_no=8632'>8632<\/a><\/li>\n\n\n\n<li><a href='?page_no=8633'>8633<\/a><\/li>\n\n\n\n<li><a>...<\/a><\/li>\n\n\n\n<li><a href='?page_no=36618'>36618<\/a><\/li>\n\n\n\n<li><a href='?page_no=36619'>36619<\/a><\/li>\n\n    \n\t\n\n<li >\n\t<a href='?page_no=8632'>Next<\/a>\n\t<\/li>\n\n\n    \n\n<li><a href='?page_no=36619'>Last &rsaquo;&rsaquo;<\/a><\/li>\n\n<\/ul>\n\n\n--><br \/>\n<\/body><\/p>\n","protected":false},"excerpt":{"rendered":"<p>Mies, Suiza, 9 jun (PL) La Federaci\u00f3n Internacional de Baloncesto (FIBA) celebr\u00f3 hoy la inclusi\u00f3n en el programa de los Juegos Ol\u00edmpicos de Tokio-2020 de la modalidad 3&#215;3. Es un d\u00eda hist\u00f3rico para la FIBA y para el 3&#215;3, el deporte urbano n\u00famero uno en el mundo, declar\u00f3 el secretario general del organismo, el suizo [&hellip;]<\/p>\n","protected":false},"author":3,"featured_media":0,"comment_status":"open","ping_status":"open","sticky":false,"template":"","format":"standard","meta":{"footnotes":""},"categories":[17],"tags":[],"class_list":["post-209316","post","type-post","status-publish","format-standard","hentry","category-deportes"],"_links":{"self":[{"href":"https:\/\/diariodominicano.com\/index.php?rest_route=\/wp\/v2\/posts\/209316","targetHints":{"allow":["GET"]}}],"collection":[{"href":"https:\/\/diariodominicano.com\/index.php?rest_route=\/wp\/v2\/posts"}],"about":[{"href":"https:\/\/diariodominicano.com\/index.php?rest_route=\/wp\/v2\/types\/post"}],"author":[{"embeddable":true,"href":"https:\/\/diariodominicano.com\/index.php?rest_route=\/wp\/v2\/users\/3"}],"replies":[{"embeddable":true,"href":"https:\/\/diariodominicano.com\/index.php?rest_route=%2Fwp%2Fv2%2Fcomments&post=209316"}],"version-history":[{"count":0,"href":"https:\/\/diariodominicano.com\/index.php?rest_route=\/wp\/v2\/posts\/209316\/revisions"}],"wp:attachment":[{"href":"https:\/\/diariodominicano.com\/index.php?rest_route=%2Fwp%2Fv2%2Fmedia&parent=209316"}],"wp:term":[{"taxonomy":"category","embeddable":true,"href":"https:\/\/diariodominicano.com\/index.php?rest_route=%2Fwp%2Fv2%2Fcategories&post=209316"},{"taxonomy":"post_tag","embeddable":true,"href":"https:\/\/diariodominicano.com\/index.php?rest_route=%2Fwp%2Fv2%2Ftags&post=209316"}],"curies":[{"name":"wp","href":"https:\/\/api.w.org\/{rel}","templated":true}]}}