{"id":209315,"date":"2017-06-09T15:21:52","date_gmt":"2017-06-09T15:21:52","guid":{"rendered":"http:\/\/diariodominicano.ddns.net\/?p=209315"},"modified":"2017-06-09T15:21:52","modified_gmt":"2017-06-09T15:21:52","slug":"rafael-nadal-disputara-su-decima-final-en-roland-garros","status":"publish","type":"post","link":"https:\/\/diariodominicano.com\/?p=209315","title":{"rendered":"Rafael Nadal disputar\u00e1 su d\u00e9cima final en Roland Garros"},"content":{"rendered":"<p><body><\/p>\n<p><span class=\"text1noticias\">Par\u00eds, 9 jun (PL) El tenista espa\u00f1ol Rafael Nadal super\u00f3 hoy en tres sets al austr\u00edaco Dominic Thiem para acceder por d\u00e9cima vez a la disputa del t\u00edtulo del abierto franc\u00e9s Roland Garros, segundo Grand Slam de la temporada.<\/span><\/p>\n<p><span class=\"text1noticias\"> <\/span><\/p>\n<p><span class=\"text1noticias\">Nadal, cuarto del ranking mundial, necesit\u00f3 dos horas y 10 minutos para deshacerse de su rival con pizarra de 6-3, 6-4 y 6-0.<\/span><\/p>\n<p><span class=\"text1noticias\"> <\/span><\/p>\n<p><span class=\"text1noticias\">Luego de este resultado el \u00eddolo de Manacor llega a la final del torneo sin perder un parcial tal como lo hizo en las ediciones de 2007, 2008 y 2010.<\/span><\/p>\n<p><span class=\"text1noticias\"> <\/span><\/p>\n<p><span class=\"text1noticias\">Adem\u00e1s, Nadal clasific\u00f3 a su vig\u00e9sima segunda final de Grand Slam, la segunda consecutiva, y buscar\u00e1 su decimoquinto t\u00edtulo en estas lides para desempatar con el estadounidense Pete Sampras en la segunda posici\u00f3n hist\u00f3rica y acercarse nuevamente a tres del m\u00edtico jugador suizo Roger Federer (18).<\/span><\/p>\n<p><span class=\"text1noticias\"> <\/span><\/p>\n<p><span class=\"text1noticias\">Asimismo, el tambi\u00e9n campe\u00f3n de Wimbledon en 2008 y 2010, se situ\u00f3 a un \u00e9xito de erigirse en el primer tenista de la Era Abierta en ganar diez veces el mismo Grand Slam desde que lo hiciera en 11 oportunidades entre 1960 y 1973 la australiana Margaret Court en el Abierto de su pa\u00eds.<\/span><\/p>\n<p><span class=\"text1noticias\"> <\/span><\/p>\n<p><span class=\"text1noticias\">Para lograr su objetivo este domingo Nadal tendr\u00e1 que encarar el reto del suizo Stanislas Wawrinka, vencedor 6-7 (6\/8), 6-3, 5-7, 7-6 (7\/3) y 6-1 del n\u00famero uno del mundo, el brit\u00e1nico Andy Murray.<\/span><\/p>\n<h6> 2017-06-09 15:21:52 <\/h6>\n<p><!--\n<link rel=\"stylesheet\" href=\"css\/bootstrap.min.css\">\n\n\n<ul class=\"pagination\">\n\t    \n\t\n\n<li >\n\t<a href='?page_no=8629'>Previous<\/a>\n\t<\/li>\n\n\n       \n    \n\n<li><a href='?page_no=1'>1<\/a><\/li>\n\n\n\n<li><a href='?page_no=2'>2<\/a><\/li>\n\n\n\n<li><a>...<\/a><\/li>\n\n\n\n<li><a href='?page_no=8628'>8628<\/a><\/li>\n\n\n\n<li><a href='?page_no=8629'>8629<\/a><\/li>\n\n\n\n<li class='active'><a>8630<\/a><\/li>\n\n\n\n<li><a href='?page_no=8631'>8631<\/a><\/li>\n\n\n\n<li><a href='?page_no=8632'>8632<\/a><\/li>\n\n\n\n<li><a>...<\/a><\/li>\n\n\n\n<li><a href='?page_no=36618'>36618<\/a><\/li>\n\n\n\n<li><a href='?page_no=36619'>36619<\/a><\/li>\n\n    \n\t\n\n<li >\n\t<a href='?page_no=8631'>Next<\/a>\n\t<\/li>\n\n\n    \n\n<li><a href='?page_no=36619'>Last &rsaquo;&rsaquo;<\/a><\/li>\n\n<\/ul>\n\n\n--><br \/>\n<\/body><\/p>\n","protected":false},"excerpt":{"rendered":"<p>Par\u00eds, 9 jun (PL) El tenista espa\u00f1ol Rafael Nadal super\u00f3 hoy en tres sets al austr\u00edaco Dominic Thiem para acceder por d\u00e9cima vez a la disputa del t\u00edtulo del abierto franc\u00e9s Roland Garros, segundo Grand Slam de la temporada. Nadal, cuarto del ranking mundial, necesit\u00f3 dos horas y 10 minutos para deshacerse de su rival [&hellip;]<\/p>\n","protected":false},"author":3,"featured_media":0,"comment_status":"open","ping_status":"open","sticky":false,"template":"","format":"standard","meta":{"footnotes":""},"categories":[17],"tags":[],"class_list":["post-209315","post","type-post","status-publish","format-standard","hentry","category-deportes"],"_links":{"self":[{"href":"https:\/\/diariodominicano.com\/index.php?rest_route=\/wp\/v2\/posts\/209315","targetHints":{"allow":["GET"]}}],"collection":[{"href":"https:\/\/diariodominicano.com\/index.php?rest_route=\/wp\/v2\/posts"}],"about":[{"href":"https:\/\/diariodominicano.com\/index.php?rest_route=\/wp\/v2\/types\/post"}],"author":[{"embeddable":true,"href":"https:\/\/diariodominicano.com\/index.php?rest_route=\/wp\/v2\/users\/3"}],"replies":[{"embeddable":true,"href":"https:\/\/diariodominicano.com\/index.php?rest_route=%2Fwp%2Fv2%2Fcomments&post=209315"}],"version-history":[{"count":0,"href":"https:\/\/diariodominicano.com\/index.php?rest_route=\/wp\/v2\/posts\/209315\/revisions"}],"wp:attachment":[{"href":"https:\/\/diariodominicano.com\/index.php?rest_route=%2Fwp%2Fv2%2Fmedia&parent=209315"}],"wp:term":[{"taxonomy":"category","embeddable":true,"href":"https:\/\/diariodominicano.com\/index.php?rest_route=%2Fwp%2Fv2%2Fcategories&post=209315"},{"taxonomy":"post_tag","embeddable":true,"href":"https:\/\/diariodominicano.com\/index.php?rest_route=%2Fwp%2Fv2%2Ftags&post=209315"}],"curies":[{"name":"wp","href":"https:\/\/api.w.org\/{rel}","templated":true}]}}