{"id":209311,"date":"2017-06-09T15:39:55","date_gmt":"2017-06-09T15:39:55","guid":{"rendered":"http:\/\/diariodominicano.ddns.net\/?p=209311"},"modified":"2017-06-09T15:39:55","modified_gmt":"2017-06-09T15:39:55","slug":"medias-rojas-hablaran-con-david-price-sobre-incidente-con-reportero","status":"publish","type":"post","link":"https:\/\/diariodominicano.com\/?p=209311","title":{"rendered":"Medias Rojas hablar\u00e1n con David Price sobre incidente con reportero"},"content":{"rendered":"<p><body><\/p>\n<p>Por Ian Browne \/ MLB.com <\/p>\n<\/p>\n<p>Boston, 9 de junio, 2017.- El manager de los Medias Rojas, John Farrell, dijo que equipo tiene previsto abordar la confrontaci\u00f3n verbal entre el abridor David Price y un reportero que se produjo despu\u00e9s de la derrota de Boston ante los Yankees el mi\u00e9rcoles.<\/p>\n<\/p>\n<p>El incidente sucedi\u00f3 mientras Farrell hablaba con la prensa despu\u00e9s de dicho partido.<\/p>\n<\/p>\n<p>Aunque los Medias Rojas les han dejado claro a sus jugadores que deben ser profesionales a la hora de relacionarse con los medios, Farrell no quiso tocar el tema con Price antes de la apertura del zurdo contra los Yankees el jueves.<\/p>\n<\/p>\n<p>El mi\u00e9rcoles, cuando los reporteros estaban llegando a la oficina de Farrell despu\u00e9s del juego, Price se acerc\u00f3 a un periodista para hablar y poco despu\u00e9s se le escuch\u00f3 al lanzador gritando obscenidades.<\/p>\n<\/p>\n<p>No est\u00e1 claro de qu\u00e9 se trat\u00f3 el problema, pero el incidente se produjo horas despu\u00e9s de que Price le dijera al diario The Boston Globe que de ahora en adelante, solamente hablar\u00e1 con la prensa de Boston despu\u00e9s de sus salidas.<\/p>\n<h6> 2017-06-09 15:39:55 <\/h6>\n<p><!--\n<link rel=\"stylesheet\" href=\"css\/bootstrap.min.css\">\n\n\n<ul class=\"pagination\">\n\t    \n\t\n\n<li >\n\t<a href='?page_no=8626'>Previous<\/a>\n\t<\/li>\n\n\n       \n    \n\n<li><a href='?page_no=1'>1<\/a><\/li>\n\n\n\n<li><a href='?page_no=2'>2<\/a><\/li>\n\n\n\n<li><a>...<\/a><\/li>\n\n\n\n<li><a href='?page_no=8625'>8625<\/a><\/li>\n\n\n\n<li><a href='?page_no=8626'>8626<\/a><\/li>\n\n\n\n<li class='active'><a>8627<\/a><\/li>\n\n\n\n<li><a href='?page_no=8628'>8628<\/a><\/li>\n\n\n\n<li><a href='?page_no=8629'>8629<\/a><\/li>\n\n\n\n<li><a>...<\/a><\/li>\n\n\n\n<li><a href='?page_no=36618'>36618<\/a><\/li>\n\n\n\n<li><a href='?page_no=36619'>36619<\/a><\/li>\n\n    \n\t\n\n<li >\n\t<a href='?page_no=8628'>Next<\/a>\n\t<\/li>\n\n\n    \n\n<li><a href='?page_no=36619'>Last &rsaquo;&rsaquo;<\/a><\/li>\n\n<\/ul>\n\n\n--><br \/>\n<\/body><\/p>\n","protected":false},"excerpt":{"rendered":"<p>Por Ian Browne \/ MLB.com Boston, 9 de junio, 2017.- El manager de los Medias Rojas, John Farrell, dijo que equipo tiene previsto abordar la confrontaci\u00f3n verbal entre el abridor David Price y un reportero que se produjo despu\u00e9s de la derrota de Boston ante los Yankees el mi\u00e9rcoles. El incidente sucedi\u00f3 mientras Farrell hablaba [&hellip;]<\/p>\n","protected":false},"author":3,"featured_media":0,"comment_status":"open","ping_status":"open","sticky":false,"template":"","format":"standard","meta":{"footnotes":""},"categories":[17],"tags":[],"class_list":["post-209311","post","type-post","status-publish","format-standard","hentry","category-deportes"],"_links":{"self":[{"href":"https:\/\/diariodominicano.com\/index.php?rest_route=\/wp\/v2\/posts\/209311","targetHints":{"allow":["GET"]}}],"collection":[{"href":"https:\/\/diariodominicano.com\/index.php?rest_route=\/wp\/v2\/posts"}],"about":[{"href":"https:\/\/diariodominicano.com\/index.php?rest_route=\/wp\/v2\/types\/post"}],"author":[{"embeddable":true,"href":"https:\/\/diariodominicano.com\/index.php?rest_route=\/wp\/v2\/users\/3"}],"replies":[{"embeddable":true,"href":"https:\/\/diariodominicano.com\/index.php?rest_route=%2Fwp%2Fv2%2Fcomments&post=209311"}],"version-history":[{"count":0,"href":"https:\/\/diariodominicano.com\/index.php?rest_route=\/wp\/v2\/posts\/209311\/revisions"}],"wp:attachment":[{"href":"https:\/\/diariodominicano.com\/index.php?rest_route=%2Fwp%2Fv2%2Fmedia&parent=209311"}],"wp:term":[{"taxonomy":"category","embeddable":true,"href":"https:\/\/diariodominicano.com\/index.php?rest_route=%2Fwp%2Fv2%2Fcategories&post=209311"},{"taxonomy":"post_tag","embeddable":true,"href":"https:\/\/diariodominicano.com\/index.php?rest_route=%2Fwp%2Fv2%2Ftags&post=209311"}],"curies":[{"name":"wp","href":"https:\/\/api.w.org\/{rel}","templated":true}]}}