{"id":209299,"date":"2017-06-11T14:11:23","date_gmt":"2017-06-11T14:11:23","guid":{"rendered":"http:\/\/diariodominicano.ddns.net\/?p=209299"},"modified":"2017-06-11T14:11:23","modified_gmt":"2017-06-11T14:11:23","slug":"marineros-programan-tercera-apertura-de-rehabilitacion-para-felix-hernandez","status":"publish","type":"post","link":"https:\/\/diariodominicano.com\/?p=209299","title":{"rendered":"Marineros programan tercera apertura de rehabilitaci\u00f3n para F\u00e9lix Hern\u00e1ndez"},"content":{"rendered":"<p><body><\/p>\n<p><img decoding=\"async\" src=\"img3\/felix.jpg\" \/>  <\/p>\n<p><span class=\"text1noticias\">Por Josh Horton \/ MLB.com <\/span><\/p>\n<p><span class=\"text1noticias\">SEATTLE, 11 de junio, 2017.- Los Marineros tendr\u00e1n bastante cautela con la recuperaci\u00f3n del as venezolano F\u00e9lix Hern\u00e1ndez, quien se recupera de una inflamaci\u00f3n en el hombro derecho.<\/span><\/p>\n<p><span class=\"text1noticias\"> <\/span><\/p>\n<p><span class=\"text1noticias\">Originalmente programado para dos aperturas de rehabilitaci\u00f3n, Hern\u00e1ndez necesitar\u00e1 una tercera salida, seg\u00fan el dirigente de Seattle, Scott Servais.<\/span><\/p>\n<\/p>\n<p><span class=\"text1noticias\">\u00abHemos platicado con F\u00e9lix sobre lo que vimos en su primera apertura y queremos asegurarnos de que est\u00e9 listo para cuando se reintegre al equipo grande\u00bb, explic\u00f3 Servais. \u00abVeremos c\u00f3mo se siente en los pr\u00f3ximos d\u00edas, pero hablamos del plan y eso ser\u00e1 lo mejor para \u00e9l en este momento\u00bb.<\/span><\/p>\n<\/p>\n<p><span class=\"text1noticias\">Hern\u00e1ndez concedi\u00f3 cinco carreras, cuatro hits con dos pasaportes otorgados y tres ponches en su primera apertura de rehabilitaci\u00f3n con Triple-A Tacoma el 6 de junio. Su segunda presentaci\u00f3n estuvo programada para el domingo con un l\u00edmite de 65 lanzamientos<\/span>.<\/p>\n<h6> 2017-06-11 14:11:23 <\/h6>\n<p><!--\n<link rel=\"stylesheet\" href=\"css\/bootstrap.min.css\">\n\n\n<ul class=\"pagination\">\n\t    \n\t\n\n<li >\n\t<a href='?page_no=8615'>Previous<\/a>\n\t<\/li>\n\n\n       \n    \n\n<li><a href='?page_no=1'>1<\/a><\/li>\n\n\n\n<li><a href='?page_no=2'>2<\/a><\/li>\n\n\n\n<li><a>...<\/a><\/li>\n\n\n\n<li><a href='?page_no=8614'>8614<\/a><\/li>\n\n\n\n<li><a href='?page_no=8615'>8615<\/a><\/li>\n\n\n\n<li class='active'><a>8616<\/a><\/li>\n\n\n\n<li><a href='?page_no=8617'>8617<\/a><\/li>\n\n\n\n<li><a href='?page_no=8618'>8618<\/a><\/li>\n\n\n\n<li><a>...<\/a><\/li>\n\n\n\n<li><a href='?page_no=36618'>36618<\/a><\/li>\n\n\n\n<li><a href='?page_no=36619'>36619<\/a><\/li>\n\n    \n\t\n\n<li >\n\t<a href='?page_no=8617'>Next<\/a>\n\t<\/li>\n\n\n    \n\n<li><a href='?page_no=36619'>Last &rsaquo;&rsaquo;<\/a><\/li>\n\n<\/ul>\n\n\n--><br \/>\n<\/body><\/p>\n","protected":false},"excerpt":{"rendered":"<p>Por Josh Horton \/ MLB.com SEATTLE, 11 de junio, 2017.- Los Marineros tendr\u00e1n bastante cautela con la recuperaci\u00f3n del as venezolano F\u00e9lix Hern\u00e1ndez, quien se recupera de una inflamaci\u00f3n en el hombro derecho. Originalmente programado para dos aperturas de rehabilitaci\u00f3n, Hern\u00e1ndez necesitar\u00e1 una tercera salida, seg\u00fan el dirigente de Seattle, Scott Servais. \u00abHemos platicado con [&hellip;]<\/p>\n","protected":false},"author":3,"featured_media":0,"comment_status":"open","ping_status":"open","sticky":false,"template":"","format":"standard","meta":{"footnotes":""},"categories":[17],"tags":[],"class_list":["post-209299","post","type-post","status-publish","format-standard","hentry","category-deportes"],"_links":{"self":[{"href":"https:\/\/diariodominicano.com\/index.php?rest_route=\/wp\/v2\/posts\/209299","targetHints":{"allow":["GET"]}}],"collection":[{"href":"https:\/\/diariodominicano.com\/index.php?rest_route=\/wp\/v2\/posts"}],"about":[{"href":"https:\/\/diariodominicano.com\/index.php?rest_route=\/wp\/v2\/types\/post"}],"author":[{"embeddable":true,"href":"https:\/\/diariodominicano.com\/index.php?rest_route=\/wp\/v2\/users\/3"}],"replies":[{"embeddable":true,"href":"https:\/\/diariodominicano.com\/index.php?rest_route=%2Fwp%2Fv2%2Fcomments&post=209299"}],"version-history":[{"count":0,"href":"https:\/\/diariodominicano.com\/index.php?rest_route=\/wp\/v2\/posts\/209299\/revisions"}],"wp:attachment":[{"href":"https:\/\/diariodominicano.com\/index.php?rest_route=%2Fwp%2Fv2%2Fmedia&parent=209299"}],"wp:term":[{"taxonomy":"category","embeddable":true,"href":"https:\/\/diariodominicano.com\/index.php?rest_route=%2Fwp%2Fv2%2Fcategories&post=209299"},{"taxonomy":"post_tag","embeddable":true,"href":"https:\/\/diariodominicano.com\/index.php?rest_route=%2Fwp%2Fv2%2Ftags&post=209299"}],"curies":[{"name":"wp","href":"https:\/\/api.w.org\/{rel}","templated":true}]}}