{"id":209297,"date":"2017-06-11T14:46:46","date_gmt":"2017-06-11T14:46:46","guid":{"rendered":"http:\/\/diariodominicano.ddns.net\/?p=209297"},"modified":"2017-06-11T14:46:46","modified_gmt":"2017-06-11T14:46:46","slug":"pese-a-gran-regreso-mets-y-cespedes-avanzaran-con-cautela","status":"publish","type":"post","link":"https:\/\/diariodominicano.com\/?p=209297","title":{"rendered":"Pese a gran regreso, Mets y C\u00e9spedes avanzar\u00e1n con cautela"},"content":{"rendered":"<p><body><\/p>\n<p><span class=\"text1noticias\">Por Jaylon Thompson \/ MLB.com<\/span><\/p>\n<p><span class=\"text1noticias\">ATLANTA &#8212; El cubano Yoenis C\u00e9spedes regres\u00f3 a la alineaci\u00f3n de los Mets por todo lo alto, al pegar un grand slam en el primer juego de la doble cartelera del s\u00e1bado contra los Bravos en el SunTrust Park.<\/span><\/p>\n<p><span class=\"text1noticias\"> <\/span><\/p>\n<p><span class=\"text1noticias\">C\u00e9spedes fue tercero en el lineup y bate\u00f3 de 5-2 con un jonr\u00f3n y cuatro remolcadas. Su presencia marc\u00f3 la diferencia detr\u00e1s de una buena presentaci\u00f3n del abridor derecho Rober Gsellman.<\/span><\/p>\n<\/p>\n<p><span class=\"text1noticias\">\u00abPara ning\u00fan pelotero es f\u00e1cil perderse todo ese tiempo y mantener un buen timing\u00bb, indic\u00f3 C\u00e9spedes. \u00abEn mi caso, he estado jugando por los \u00faltimos siete a\u00f1os y s\u00f3lo trato de mantener la calma y darle a buenos pitcheos\u00bb.<\/span><\/p>\n<\/p>\n<p><span class=\"text1noticias\">El cuadrangular de C\u00e9spedes extendi\u00f3 a 13 juegos la racha de Nueva York con al menos un vuelacercas en la ruta. Tambi\u00e9n fue el quinto grand slam en la carrera del toletero y el segundo del club esta campa\u00f1a. El capataz de los Mets, Terry Collins, no estaba preocupado por el posible oxido del cubano y estaba contento de contar otra vez con su bate.<\/span><\/p>\n<\/p>\n<p><span class=\"text1noticias\">\u00abEs un muchacho especial y por eso no se trataba de los turnos al bate, porque agot\u00f3 bastantes en su asignaci\u00f3n de rehabilitaci\u00f3n\u00bb, indic\u00f3 Collins. \u00abAunque no fueron juegos simulados, vio muchos tiros rompientes\u00bb.<\/span><\/p>\n<p><span class=\"text1noticias\"> <\/span><\/p>\n<p><span class=\"text1noticias\">C\u00e9spedes luci\u00f3 bien patrullando las praderas en su primer partido tras un tir\u00f3n en la corva izquierda que lo mantuvo en la lista de incapacitados por seis semanas. Filde\u00f3 varios elevados y corri\u00f3 bien las bases. Sin embargo, todav\u00eda tiene algunas limitaciones que han obligado a los Mets a mantener cautela.<\/span><\/p>\n<\/p>\n<p><span class=\"text1noticias\">El ca\u00f1onero seguir\u00e1 viendo acci\u00f3n, pero con algunos d\u00edas de descanso para ayudarle a aliviar el desgaste de jugar en partidos consecutivos.<\/span><\/p>\n<\/p>\n<p><span class=\"text1noticias\">\u00abMe siento bien, pero no creo que pueda correr al 100 por ciento ahora mismo\u00bb, manifest\u00f3 el guardabosque. \u00abS\u00e9 que tienen un plan para m\u00ed, pero nadie conoce mi cuerpo mejor que yo. Si desean darme descanso, creo que ser\u00e1 basado en c\u00f3mo me sienta y c\u00f3mo reaccione mi cuerpo\u00bb.<\/span><\/p>\n<\/p>\n<p><span class=\"text1noticias\">Los Mets tendr\u00e1n un trecho de 18 encuentros sin un d\u00eda libre en el calendario. Por eso, C\u00e9spedes podr\u00eda entrar en ritmo lentamente dividiendo tiempo de juego en los jardines con Curtis Granderson, Michael Conforto y Jay Bruc<\/span>e.<\/p>\n<h6> 2017-06-11 14:46:46 <\/h6>\n<p><!--\n<link rel=\"stylesheet\" href=\"css\/bootstrap.min.css\">\n\n\n<ul class=\"pagination\">\n\t    \n\t\n\n<li >\n\t<a href='?page_no=8613'>Previous<\/a>\n\t<\/li>\n\n\n       \n    \n\n<li><a href='?page_no=1'>1<\/a><\/li>\n\n\n\n<li><a href='?page_no=2'>2<\/a><\/li>\n\n\n\n<li><a>...<\/a><\/li>\n\n\n\n<li><a href='?page_no=8612'>8612<\/a><\/li>\n\n\n\n<li><a href='?page_no=8613'>8613<\/a><\/li>\n\n\n\n<li class='active'><a>8614<\/a><\/li>\n\n\n\n<li><a href='?page_no=8615'>8615<\/a><\/li>\n\n\n\n<li><a href='?page_no=8616'>8616<\/a><\/li>\n\n\n\n<li><a>...<\/a><\/li>\n\n\n\n<li><a href='?page_no=36618'>36618<\/a><\/li>\n\n\n\n<li><a href='?page_no=36619'>36619<\/a><\/li>\n\n    \n\t\n\n<li >\n\t<a href='?page_no=8615'>Next<\/a>\n\t<\/li>\n\n\n    \n\n<li><a href='?page_no=36619'>Last &rsaquo;&rsaquo;<\/a><\/li>\n\n<\/ul>\n\n\n--><br \/>\n<\/body><\/p>\n","protected":false},"excerpt":{"rendered":"<p>Por Jaylon Thompson \/ MLB.com ATLANTA &#8212; El cubano Yoenis C\u00e9spedes regres\u00f3 a la alineaci\u00f3n de los Mets por todo lo alto, al pegar un grand slam en el primer juego de la doble cartelera del s\u00e1bado contra los Bravos en el SunTrust Park. C\u00e9spedes fue tercero en el lineup y bate\u00f3 de 5-2 con [&hellip;]<\/p>\n","protected":false},"author":3,"featured_media":0,"comment_status":"open","ping_status":"open","sticky":false,"template":"","format":"standard","meta":{"footnotes":""},"categories":[17],"tags":[],"class_list":["post-209297","post","type-post","status-publish","format-standard","hentry","category-deportes"],"_links":{"self":[{"href":"https:\/\/diariodominicano.com\/index.php?rest_route=\/wp\/v2\/posts\/209297","targetHints":{"allow":["GET"]}}],"collection":[{"href":"https:\/\/diariodominicano.com\/index.php?rest_route=\/wp\/v2\/posts"}],"about":[{"href":"https:\/\/diariodominicano.com\/index.php?rest_route=\/wp\/v2\/types\/post"}],"author":[{"embeddable":true,"href":"https:\/\/diariodominicano.com\/index.php?rest_route=\/wp\/v2\/users\/3"}],"replies":[{"embeddable":true,"href":"https:\/\/diariodominicano.com\/index.php?rest_route=%2Fwp%2Fv2%2Fcomments&post=209297"}],"version-history":[{"count":0,"href":"https:\/\/diariodominicano.com\/index.php?rest_route=\/wp\/v2\/posts\/209297\/revisions"}],"wp:attachment":[{"href":"https:\/\/diariodominicano.com\/index.php?rest_route=%2Fwp%2Fv2%2Fmedia&parent=209297"}],"wp:term":[{"taxonomy":"category","embeddable":true,"href":"https:\/\/diariodominicano.com\/index.php?rest_route=%2Fwp%2Fv2%2Fcategories&post=209297"},{"taxonomy":"post_tag","embeddable":true,"href":"https:\/\/diariodominicano.com\/index.php?rest_route=%2Fwp%2Fv2%2Ftags&post=209297"}],"curies":[{"name":"wp","href":"https:\/\/api.w.org\/{rel}","templated":true}]}}