{"id":209093,"date":"2017-07-07T14:08:28","date_gmt":"2017-07-07T14:08:28","guid":{"rendered":"http:\/\/diariodominicano.ddns.net\/?p=209093"},"modified":"2017-07-07T14:08:28","modified_gmt":"2017-07-07T14:08:28","slug":"brasileno-demoliner-a-tercera-ronda-en-tenis-de-wimbledon","status":"publish","type":"post","link":"https:\/\/diariodominicano.com\/?p=209093","title":{"rendered":"Brasile\u00f1o Demoliner a tercera ronda en tenis de Wimbledon"},"content":{"rendered":"<p><body><\/p>\n<p><img decoding=\"async\" src=\"img3\/Marcelo-Tenista.jpg\" \/>  <\/p>\n<p>Londres, 7 jul (PL) El tenista brasile\u00f1o Marcelo Demoliner logr\u00f3 hoy su avance a la tercera ronda del torneo de dobles correspondiente al Abierto de Wimbledon, tercer Grand Slam de la temporada.<\/p>\n<\/p>\n<p>Demoliner y el neozeland\u00e9s Marcus Daniell derrotaron 6-4, 7-6 (6\/0) y 6-4 a los australianos Thanasi Kokkinakis y Jordan Thompson, y as\u00ed lograron clasificarse para los octavos de final.<\/p>\n<\/p>\n<p>En esa instancia, el dueto Demoliner-Daniell esperar\u00e1 por el resultado del choque entre los anfitriones Ken y Neal Skupski contra el binomio del indio Rohan Bopanna y el franc\u00e9s Edouard Roger-Vasselin, octavos preclasificados. M\u00e1s tarde este mismo viernes, Demoliner tendr\u00e1 otro partido, cuando juegue en los dobles mixtos junto a la esa\u00f1ola Mar\u00eda Jos\u00e9 Mart\u00ednez, ante el australiano John-Patrick Smith y la estadounidense Sloane Stephens.<\/p>\n<\/p>\n<p>El suramericano, de 28 a\u00f1os, ya igual\u00f3 su mejor resultado en un Grand Slam, que logr\u00f3 tres veces, una aqu\u00ed en 2015, una en el Abierto de Estados Unidos en 2016, y la otra en el pasado Roland Garros, siempre en dobles.<\/p>\n<h6> 2017-07-07 14:08:28 <\/h6>\n<p><!--\n<link rel=\"stylesheet\" href=\"css\/bootstrap.min.css\">\n\n\n<ul class=\"pagination\">\n\t    \n\t\n\n<li >\n\t<a href='?page_no=8429'>Previous<\/a>\n\t<\/li>\n\n\n       \n    \n\n<li><a href='?page_no=1'>1<\/a><\/li>\n\n\n\n<li><a href='?page_no=2'>2<\/a><\/li>\n\n\n\n<li><a>...<\/a><\/li>\n\n\n\n<li><a href='?page_no=8428'>8428<\/a><\/li>\n\n\n\n<li><a href='?page_no=8429'>8429<\/a><\/li>\n\n\n\n<li class='active'><a>8430<\/a><\/li>\n\n\n\n<li><a href='?page_no=8431'>8431<\/a><\/li>\n\n\n\n<li><a href='?page_no=8432'>8432<\/a><\/li>\n\n\n\n<li><a>...<\/a><\/li>\n\n\n\n<li><a href='?page_no=36618'>36618<\/a><\/li>\n\n\n\n<li><a href='?page_no=36619'>36619<\/a><\/li>\n\n    \n\t\n\n<li >\n\t<a href='?page_no=8431'>Next<\/a>\n\t<\/li>\n\n\n    \n\n<li><a href='?page_no=36619'>Last &rsaquo;&rsaquo;<\/a><\/li>\n\n<\/ul>\n\n\n--><br \/>\n<\/body><\/p>\n","protected":false},"excerpt":{"rendered":"<p>Londres, 7 jul (PL) El tenista brasile\u00f1o Marcelo Demoliner logr\u00f3 hoy su avance a la tercera ronda del torneo de dobles correspondiente al Abierto de Wimbledon, tercer Grand Slam de la temporada. Demoliner y el neozeland\u00e9s Marcus Daniell derrotaron 6-4, 7-6 (6\/0) y 6-4 a los australianos Thanasi Kokkinakis y Jordan Thompson, y as\u00ed lograron [&hellip;]<\/p>\n","protected":false},"author":3,"featured_media":0,"comment_status":"open","ping_status":"open","sticky":false,"template":"","format":"standard","meta":{"footnotes":""},"categories":[17],"tags":[],"class_list":["post-209093","post","type-post","status-publish","format-standard","hentry","category-deportes"],"_links":{"self":[{"href":"https:\/\/diariodominicano.com\/index.php?rest_route=\/wp\/v2\/posts\/209093","targetHints":{"allow":["GET"]}}],"collection":[{"href":"https:\/\/diariodominicano.com\/index.php?rest_route=\/wp\/v2\/posts"}],"about":[{"href":"https:\/\/diariodominicano.com\/index.php?rest_route=\/wp\/v2\/types\/post"}],"author":[{"embeddable":true,"href":"https:\/\/diariodominicano.com\/index.php?rest_route=\/wp\/v2\/users\/3"}],"replies":[{"embeddable":true,"href":"https:\/\/diariodominicano.com\/index.php?rest_route=%2Fwp%2Fv2%2Fcomments&post=209093"}],"version-history":[{"count":0,"href":"https:\/\/diariodominicano.com\/index.php?rest_route=\/wp\/v2\/posts\/209093\/revisions"}],"wp:attachment":[{"href":"https:\/\/diariodominicano.com\/index.php?rest_route=%2Fwp%2Fv2%2Fmedia&parent=209093"}],"wp:term":[{"taxonomy":"category","embeddable":true,"href":"https:\/\/diariodominicano.com\/index.php?rest_route=%2Fwp%2Fv2%2Fcategories&post=209093"},{"taxonomy":"post_tag","embeddable":true,"href":"https:\/\/diariodominicano.com\/index.php?rest_route=%2Fwp%2Fv2%2Ftags&post=209093"}],"curies":[{"name":"wp","href":"https:\/\/api.w.org\/{rel}","templated":true}]}}