{"id":200498,"date":"2014-08-06T21:28:31","date_gmt":"2014-08-06T21:28:31","guid":{"rendered":"http:\/\/diariodominicano.ddns.net\/?p=200498"},"modified":"2014-08-06T21:28:31","modified_gmt":"2014-08-06T21:28:31","slug":"clausuran-i-campamento-infantil-de-verano-en-pueblo-nuevo","status":"publish","type":"post","link":"https:\/\/diariodominicano.com\/?p=200498","title":{"rendered":"Clausuran I campamento infantil de verano en Pueblo Nuevo"},"content":{"rendered":"<p><body><\/p>\n<p><img decoding=\"async\" src=\"http:\/\/localhost:8080\/img3\/CAMPAMENTO.jpg\" \/>  <\/p>\n<p><span class=\"text1noticias\">Santiago, RD, 6 de Agosto.-Concluyo por todo lo alto el exitoso campamento infantil de verano de la comunidad de Pueblo Nuevo, donde participaron m\u00e1s de 400 ni\u00f1os y ni\u00f1as durante dos meses.<\/span><\/p>\n<\/p>\n<p><span class=\"text1noticias\">Este evento fue organizado por la Fundaci\u00f3n \u00abPueblo Nuevo Estado Deportivo\u00bb, teniendo una especial dedicatoria al excelent\u00edsimo presidente de la Rep\u00fablica Doctor Danilo Medina S\u00e1nchez.<\/span><\/p>\n<\/p>\n<p><span class=\"text1noticias\">Durante esos dos meses los ni\u00f1os de pueblo nuevo y zonas aleda\u00f1as disfrutaron de una sana diversi\u00f3n y convivencia con aprendizaje, all\u00ed pudieron palpar e integrarse en diversas disciplinas deportivas, (Baloncesto, Voleibol, Juego de Damas, Atletismo, Ciclismo, entre otras)  as\u00ed como tambi\u00e9n juegos recreativos tradicionales, actividades culturales, talleres de manualidades, clases de teatro, visitas exclusiva al gran teatro del cibao, tambi\u00e9n al centro de la cultura de Santiago.<\/span><\/p>\n<\/p>\n<p><span class=\"text1noticias\">El evento conto con una serie de garant\u00edas importantes que sin duda marcaron la diferencia dentro del mismo, aspectos como meriendas, refrigerios y almuerzos que nunca faltaron en la actividad gracias al todopoderoso, la cual concluyo de manera muy emotiva y donde se premiaron los ni\u00f1os mas sobresalientes tanto en desempe\u00f1o como en comportamiento.<\/span><\/p>\n<\/p>\n<p><span class=\"text1noticias\">Al cierre se efectu\u00f3 una presentaci\u00f3n folkl\u00f3rica carnavalesca y luego el partido de baloncesto de la categor\u00eda benjam\u00edn del torneo intramuros que se llevo a cabo dentro del campamento y las emociones se desbordaron durante la hist\u00f3rica tarde, donde tambi\u00e9n los voluntarios del evento fueron reconocidos por los organizadores y agradecidos por los ni\u00f1os.<\/span><\/p>\n<\/p>\n<p><span class=\"text1noticias\">De su parte el comit\u00e9 organizador de este campamento encabezado por Jim Liranzo, Mario Robles y Melvin Rosario se mostraron muy satisfecho con los resultado y agradecieron de manera muy firme el respaldo recibido de las instituciones y empresas que lo apoyaron principalmente al Ministerio Administrativo De La Presidencia en Nombre del Presidente Danilo Medina S\u00e1nchez y el se\u00f1or Justo Guzm\u00e1n quien es el coordinador de los planes especiales de la presidencia.<\/span><\/p>\n<\/p>\n<p><span class=\"text1noticias\">Al final el se\u00f1or Jim Liranzo Presidente del comit\u00e9 organizador garantizo que el pr\u00f3ximo a\u00f1o la fundaci\u00f3n llevara el campamento en su segunda versi\u00f3n y puntualizo adem\u00e1s que seguir\u00e1n trabajando con la ni\u00f1ez y la juventud de la comunidad de Pueblo Nuevo y anticip\u00f3 que cada mes habr\u00e1 un evento infantil programado y que cerraran el a\u00f1o con una gran actividad de navidad donde se entregaran juguetes a los ni\u00f1os.(HG)<\/span>.<\/p>\n<h6> 2014-08-06 21:28:31 <\/h6>\n<p><!--\n<link rel=\"stylesheet\" href=\"css\/bootstrap.min.css\">\n\n\n<ul class=\"pagination\">\n\t    \n\t\n\n<li >\n\t<a href='?page_no=16895'>Previous<\/a>\n\t<\/li>\n\n\n       \n    \n\n<li><a href='?page_no=1'>1<\/a><\/li>\n\n\n\n<li><a href='?page_no=2'>2<\/a><\/li>\n\n\n\n<li><a>...<\/a><\/li>\n\n\n\n<li><a href='?page_no=16894'>16894<\/a><\/li>\n\n\n\n<li><a href='?page_no=16895'>16895<\/a><\/li>\n\n\n\n<li class='active'><a>16896<\/a><\/li>\n\n\n\n<li><a href='?page_no=16897'>16897<\/a><\/li>\n\n\n\n<li><a href='?page_no=16898'>16898<\/a><\/li>\n\n\n\n<li><a>...<\/a><\/li>\n\n\n\n<li><a href='?page_no=36618'>36618<\/a><\/li>\n\n\n\n<li><a href='?page_no=36619'>36619<\/a><\/li>\n\n    \n\t\n\n<li >\n\t<a href='?page_no=16897'>Next<\/a>\n\t<\/li>\n\n\n    \n\n<li><a href='?page_no=36619'>Last &rsaquo;&rsaquo;<\/a><\/li>\n\n<\/ul>\n\n\n--><br \/>\n<\/body><\/p>\n","protected":false},"excerpt":{"rendered":"<p>Santiago, RD, 6 de Agosto.-Concluyo por todo lo alto el exitoso campamento infantil de verano de la comunidad de Pueblo Nuevo, donde participaron m\u00e1s de 400 ni\u00f1os y ni\u00f1as durante dos meses. Este evento fue organizado por la Fundaci\u00f3n \u00abPueblo Nuevo Estado Deportivo\u00bb, teniendo una especial dedicatoria al excelent\u00edsimo presidente de la Rep\u00fablica Doctor Danilo [&hellip;]<\/p>\n","protected":false},"author":3,"featured_media":0,"comment_status":"open","ping_status":"open","sticky":false,"template":"","format":"standard","meta":{"footnotes":""},"categories":[17],"tags":[],"class_list":["post-200498","post","type-post","status-publish","format-standard","hentry","category-deportes"],"_links":{"self":[{"href":"https:\/\/diariodominicano.com\/index.php?rest_route=\/wp\/v2\/posts\/200498","targetHints":{"allow":["GET"]}}],"collection":[{"href":"https:\/\/diariodominicano.com\/index.php?rest_route=\/wp\/v2\/posts"}],"about":[{"href":"https:\/\/diariodominicano.com\/index.php?rest_route=\/wp\/v2\/types\/post"}],"author":[{"embeddable":true,"href":"https:\/\/diariodominicano.com\/index.php?rest_route=\/wp\/v2\/users\/3"}],"replies":[{"embeddable":true,"href":"https:\/\/diariodominicano.com\/index.php?rest_route=%2Fwp%2Fv2%2Fcomments&post=200498"}],"version-history":[{"count":0,"href":"https:\/\/diariodominicano.com\/index.php?rest_route=\/wp\/v2\/posts\/200498\/revisions"}],"wp:attachment":[{"href":"https:\/\/diariodominicano.com\/index.php?rest_route=%2Fwp%2Fv2%2Fmedia&parent=200498"}],"wp:term":[{"taxonomy":"category","embeddable":true,"href":"https:\/\/diariodominicano.com\/index.php?rest_route=%2Fwp%2Fv2%2Fcategories&post=200498"},{"taxonomy":"post_tag","embeddable":true,"href":"https:\/\/diariodominicano.com\/index.php?rest_route=%2Fwp%2Fv2%2Ftags&post=200498"}],"curies":[{"name":"wp","href":"https:\/\/api.w.org\/{rel}","templated":true}]}}