{"id":200155,"date":"2014-09-13T13:21:06","date_gmt":"2014-09-13T13:21:06","guid":{"rendered":"http:\/\/diariodominicano.ddns.net\/?p=200155"},"modified":"2014-09-13T13:21:06","modified_gmt":"2014-09-13T13:21:06","slug":"federer-y-warrinka-dan-ventaja-a-suiza-disputo-su-ultima-final-en-el-ano-1992-y-nunca-ha-ganado","status":"publish","type":"post","link":"https:\/\/diariodominicano.com\/?p=200155","title":{"rendered":"&#13;Federer y Warrinka dan ventaja a Suiza; Disput\u00f3 su \u00faltima final en el a\u00f1o 1992 y nunca ha ganado"},"content":{"rendered":"<p><body><\/p>\n<p><img decoding=\"async\" src=\"img3\/federer 13.jpeg\" \/>  <\/p>\n<p>Ginebra, Suiza 13 septiembre.- Roger Federer y Stan Wawrinka acercaron a Suiza a su primera final de la Copa Davis en 22 a\u00f1os tras barrer ayer viernes sus respectivos partidos de sencillos en el inicio de la serie contra Italia. Federer super\u00f3 7-6 (5), 6-4, 6-4 a Simone Bolelli (76 del ranking ATP), y despu\u00e9s Wawrinka arroll\u00f3 6-2, 6-3, 6-0 a Fabio Fognini en apenas 90 minutos. <\/p>\n<\/p>\n<p>Suiza tiene ventaja de 2-0 y puede sentenciar la serie el domingo con el punto de dobles, en el que Federer y Wawrinka enfrentar\u00e1n a Andreas Seppi y Paolo Lorenzi. \u00abFue un muy buen partido, finalmente\u00bb, brome\u00f3 Wawrinka en la entrevista a pie de cancha, despu\u00e9s de conseguir una inusual f\u00e1cil victoria \u00f3al menos para \u00e9l\u00f3 en la Davis. \u00abEs el comienzo ideal, pero todav\u00eda falta ganar un partido\u00bb.<\/p>\n<\/p>\n<p>Suiza disput\u00f3 su \u00faltima final de la Davis en 1992 contra Estados Unidos, y nunca ha ganado la Ensaladera de Plata. En la otra semifinal, Francia tiene ventaja de 2-0 sobre el bicampe\u00f3n defensor Rep\u00fablica Checa. Federer habl\u00f3 esta semana sobre la emoci\u00f3n por jugar frente a unas 18.000 personas en Ginebra, la segunda mayor concurrencia para un partido de tenis, seg\u00fan el astro suizo.<\/p>\n<\/p>\n<p>El estadio Arthur Ashe, donde Federer fue eliminado la semana pasada en las semifinales del Abierto de Estados Unidos, tiene capacidad para m\u00e1s de 22.000.<\/p>\n<h6> 2014-09-13 13:21:06 <\/h6>\n<p><!--\n<link rel=\"stylesheet\" href=\"css\/bootstrap.min.css\">\n\n\n<ul class=\"pagination\">\n\t    \n\t\n\n<li >\n\t<a href='?page_no=16586'>Previous<\/a>\n\t<\/li>\n\n\n       \n    \n\n<li><a href='?page_no=1'>1<\/a><\/li>\n\n\n\n<li><a href='?page_no=2'>2<\/a><\/li>\n\n\n\n<li><a>...<\/a><\/li>\n\n\n\n<li><a href='?page_no=16585'>16585<\/a><\/li>\n\n\n\n<li><a href='?page_no=16586'>16586<\/a><\/li>\n\n\n\n<li class='active'><a>16587<\/a><\/li>\n\n\n\n<li><a href='?page_no=16588'>16588<\/a><\/li>\n\n\n\n<li><a href='?page_no=16589'>16589<\/a><\/li>\n\n\n\n<li><a>...<\/a><\/li>\n\n\n\n<li><a href='?page_no=36618'>36618<\/a><\/li>\n\n\n\n<li><a href='?page_no=36619'>36619<\/a><\/li>\n\n    \n\t\n\n<li >\n\t<a href='?page_no=16588'>Next<\/a>\n\t<\/li>\n\n\n    \n\n<li><a href='?page_no=36619'>Last &rsaquo;&rsaquo;<\/a><\/li>\n\n<\/ul>\n\n\n--><br \/>\n<\/body><\/p>\n","protected":false},"excerpt":{"rendered":"<p>Ginebra, Suiza 13 septiembre.- Roger Federer y Stan Wawrinka acercaron a Suiza a su primera final de la Copa Davis en 22 a\u00f1os tras barrer ayer viernes sus respectivos partidos de sencillos en el inicio de la serie contra Italia. Federer super\u00f3 7-6 (5), 6-4, 6-4 a Simone Bolelli (76 del ranking ATP), y despu\u00e9s [&hellip;]<\/p>\n","protected":false},"author":3,"featured_media":0,"comment_status":"open","ping_status":"open","sticky":false,"template":"","format":"standard","meta":{"footnotes":""},"categories":[17],"tags":[],"class_list":["post-200155","post","type-post","status-publish","format-standard","hentry","category-deportes"],"_links":{"self":[{"href":"https:\/\/diariodominicano.com\/index.php?rest_route=\/wp\/v2\/posts\/200155","targetHints":{"allow":["GET"]}}],"collection":[{"href":"https:\/\/diariodominicano.com\/index.php?rest_route=\/wp\/v2\/posts"}],"about":[{"href":"https:\/\/diariodominicano.com\/index.php?rest_route=\/wp\/v2\/types\/post"}],"author":[{"embeddable":true,"href":"https:\/\/diariodominicano.com\/index.php?rest_route=\/wp\/v2\/users\/3"}],"replies":[{"embeddable":true,"href":"https:\/\/diariodominicano.com\/index.php?rest_route=%2Fwp%2Fv2%2Fcomments&post=200155"}],"version-history":[{"count":0,"href":"https:\/\/diariodominicano.com\/index.php?rest_route=\/wp\/v2\/posts\/200155\/revisions"}],"wp:attachment":[{"href":"https:\/\/diariodominicano.com\/index.php?rest_route=%2Fwp%2Fv2%2Fmedia&parent=200155"}],"wp:term":[{"taxonomy":"category","embeddable":true,"href":"https:\/\/diariodominicano.com\/index.php?rest_route=%2Fwp%2Fv2%2Fcategories&post=200155"},{"taxonomy":"post_tag","embeddable":true,"href":"https:\/\/diariodominicano.com\/index.php?rest_route=%2Fwp%2Fv2%2Ftags&post=200155"}],"curies":[{"name":"wp","href":"https:\/\/api.w.org\/{rel}","templated":true}]}}