{"id":200145,"date":"2014-09-13T20:40:51","date_gmt":"2014-09-13T20:40:51","guid":{"rendered":"http:\/\/diariodominicano.ddns.net\/?p=200145"},"modified":"2014-09-13T20:40:51","modified_gmt":"2014-09-13T20:40:51","slug":"rd-defendera-titulo-panamericano-vence-a-cuba-en-cinco-sets-en-copa-sub-23","status":"publish","type":"post","link":"https:\/\/diariodominicano.com\/?p=200145","title":{"rendered":"RD defender\u00e1 t\u00edtulo Panamericano; vence a Cuba en cinco sets en Copa Sub-23"},"content":{"rendered":"<p><body><\/p>\n<p><img decoding=\"async\" src=\"img3\/Marte.jpg\" \/>  <\/p>\n<p><span class=\"text1noticias\">ICA, Per\u00fa.?Rep\u00fablica Dominicana con vibrante triunfo viniendo de atr\u00e1s sobre Cuba (18-25, 23-25, 26-24, 25-22, 15-12) en la primera semifinal de la II Copa Panamericana Sub-23 ir\u00e1n a la defensa de su t\u00edtulo en el Coliseo Jos\u00e9 Oliva Razzeto. Se medir\u00e1 e la final al equipo de Colombia.<\/span><\/p>\n<p><span class=\"text1noticias\"> <\/span><\/p>\n<p><span class=\"text1noticias\">Las dominicanas desmantelaron la l\u00ednea ofensiva cubana manteniendo el marcador apretado desde el segundo set, en tanto que Cuba tomaba ventaja sobre las campeonas defensoras que fallaron puntos de servicio y por errores no forzados. Rep\u00fablica Dominicana gan\u00f3 el encuentro viniendo de abajo recobrando confianza con potentes ataques e impecable bloqueo, dificult\u00e1ndole a Cuba retomar el control.<\/span><\/p>\n<p><span class=\"text1noticias\"> <\/span><\/p>\n<p><span class=\"text1noticias\">Rep\u00fablica Dominicana super\u00f3 a Cuba  con espectacular ventaja de 25-10, mientras que Cuba fue mejor en el ataque por 61-51 y en puntos de servicio por 2-0.<\/span><\/p>\n<p><span class=\"text1noticias\"> <\/span><\/p>\n<p><span class=\"text1noticias\">La atacante opuesta, Gaila Gonz\u00e1lez, encabez\u00f3 las anotadoras de Rep\u00fablica Dominicana con 27 puntos, incluyendo 18 de ataques directos y 9 por bloqueo, la capitana Brayelin Mart\u00ednez aport\u00f3 17 puntos y la central Jineiry Mart\u00ednez 13 puntos. <\/span><\/p>\n<\/p>\n<p><span class=\"text1noticias\">Por Cuba, la joven Melissa Vargas, registr\u00f3 el puntaje m\u00e1s alto del juego con 30 puntos, todos en ataques directos; la atacante Regla Gracia contribuy\u00f3 con 12 puntos, en tanto que Heydy Casanova y Sulian Matienzo agregaron 10 puntos cada una.<\/span><\/p>\n<p><span class=\"text1noticias\"> <\/span><\/p>\n<p><span class=\"text1noticias\">Brayelin Mart\u00ednez, expres\u00f3 con gran alegr\u00eda \u00abtuvimos unos dos primeros sets muy bajos, pero el equipo logr\u00f3 mejorar an\u00edmicamente y logramos remontar para terminar con el partido a nuestro favor, estoy muy orgullosa de mi grupo\u00bb.<\/span><\/p>\n<p><span class=\"text1noticias\"> <\/span><\/p>\n<p><span class=\"text1noticias\">Wagner Pacheco, entrenador brasilero del equipo dominicano dijo \u00abel comienzo del partido  estuvo complicado para nuestro equipo, a partir del tercer set logramos mejorar el bloqueo y la recepci\u00f3n; ahora a prepararnos para el partido de ma\u00f1ana y buscar el oro del torneo\u00bb.<\/span><\/p>\n<p><span class=\"text1noticias\"> <\/span><\/p>\n<p><span class=\"text1noticias\">Sulian Matienzo, capitana del combinado de Cuba indic\u00f3 \u00abempezamos dominando el juego pero ellas lograron complicarnos con el bloqueo, ahora a seguir trabajando y mejorar para los encuentros que vienen\u00bb.<\/span><\/p>\n<p><span class=\"text1noticias\"> <\/span><\/p>\n<p><span class=\"text1noticias\">El director t\u00e9cnico Juan Carlos Gala de Cuba dijo que las dominicanas aprovecharon sus debilidades, \u00abempezamos dominando el juego, pero lograron voltearnos el marcador identificando nuestras debilidades; ahora a reforzar el trabajo diario para seguir creciendo\u00bb.(HG)<\/span>.<\/p>\n<h6> 2014-09-13 20:40:51 <\/h6>\n<p><!--\n<link rel=\"stylesheet\" href=\"css\/bootstrap.min.css\">\n\n\n<ul class=\"pagination\">\n\t    \n\t\n\n<li >\n\t<a href='?page_no=16577'>Previous<\/a>\n\t<\/li>\n\n\n       \n    \n\n<li><a href='?page_no=1'>1<\/a><\/li>\n\n\n\n<li><a href='?page_no=2'>2<\/a><\/li>\n\n\n\n<li><a>...<\/a><\/li>\n\n\n\n<li><a href='?page_no=16576'>16576<\/a><\/li>\n\n\n\n<li><a href='?page_no=16577'>16577<\/a><\/li>\n\n\n\n<li class='active'><a>16578<\/a><\/li>\n\n\n\n<li><a href='?page_no=16579'>16579<\/a><\/li>\n\n\n\n<li><a href='?page_no=16580'>16580<\/a><\/li>\n\n\n\n<li><a>...<\/a><\/li>\n\n\n\n<li><a href='?page_no=36618'>36618<\/a><\/li>\n\n\n\n<li><a href='?page_no=36619'>36619<\/a><\/li>\n\n    \n\t\n\n<li >\n\t<a href='?page_no=16579'>Next<\/a>\n\t<\/li>\n\n\n    \n\n<li><a href='?page_no=36619'>Last &rsaquo;&rsaquo;<\/a><\/li>\n\n<\/ul>\n\n\n--><br \/>\n<\/body><\/p>\n","protected":false},"excerpt":{"rendered":"<p>ICA, Per\u00fa.?Rep\u00fablica Dominicana con vibrante triunfo viniendo de atr\u00e1s sobre Cuba (18-25, 23-25, 26-24, 25-22, 15-12) en la primera semifinal de la II Copa Panamericana Sub-23 ir\u00e1n a la defensa de su t\u00edtulo en el Coliseo Jos\u00e9 Oliva Razzeto. Se medir\u00e1 e la final al equipo de Colombia. Las dominicanas desmantelaron la l\u00ednea ofensiva cubana [&hellip;]<\/p>\n","protected":false},"author":3,"featured_media":0,"comment_status":"open","ping_status":"open","sticky":false,"template":"","format":"standard","meta":{"footnotes":""},"categories":[17],"tags":[],"class_list":["post-200145","post","type-post","status-publish","format-standard","hentry","category-deportes"],"_links":{"self":[{"href":"https:\/\/diariodominicano.com\/index.php?rest_route=\/wp\/v2\/posts\/200145","targetHints":{"allow":["GET"]}}],"collection":[{"href":"https:\/\/diariodominicano.com\/index.php?rest_route=\/wp\/v2\/posts"}],"about":[{"href":"https:\/\/diariodominicano.com\/index.php?rest_route=\/wp\/v2\/types\/post"}],"author":[{"embeddable":true,"href":"https:\/\/diariodominicano.com\/index.php?rest_route=\/wp\/v2\/users\/3"}],"replies":[{"embeddable":true,"href":"https:\/\/diariodominicano.com\/index.php?rest_route=%2Fwp%2Fv2%2Fcomments&post=200145"}],"version-history":[{"count":0,"href":"https:\/\/diariodominicano.com\/index.php?rest_route=\/wp\/v2\/posts\/200145\/revisions"}],"wp:attachment":[{"href":"https:\/\/diariodominicano.com\/index.php?rest_route=%2Fwp%2Fv2%2Fmedia&parent=200145"}],"wp:term":[{"taxonomy":"category","embeddable":true,"href":"https:\/\/diariodominicano.com\/index.php?rest_route=%2Fwp%2Fv2%2Fcategories&post=200145"},{"taxonomy":"post_tag","embeddable":true,"href":"https:\/\/diariodominicano.com\/index.php?rest_route=%2Fwp%2Fv2%2Ftags&post=200145"}],"curies":[{"name":"wp","href":"https:\/\/api.w.org\/{rel}","templated":true}]}}