{"id":200015,"date":"2014-10-01T19:48:48","date_gmt":"2014-10-01T19:48:48","guid":{"rendered":"http:\/\/diariodominicano.ddns.net\/?p=200015"},"modified":"2014-10-01T19:48:48","modified_gmt":"2014-10-01T19:48:48","slug":"fundacion-marcos-diaz-pone-en-marcha-apadrinamiento-programa-nadadores-especiales","status":"publish","type":"post","link":"https:\/\/diariodominicano.com\/?p=200015","title":{"rendered":"Fundaci\u00f3n Marcos D\u00edaz pone en marcha apadrinamiento Programa Nadadores Especiales"},"content":{"rendered":"<p><body><\/p>\n<p><img decoding=\"async\" src=\"img3\/especiales.jpg\" \/>  <\/p>\n<p><span class=\"text1noticias\">Santo Domingo, RD, 1 de Octubre.-Con el objetivo de seguir aportando a la sociedad, la Fundaci\u00f3n Marcos D\u00edaz dio a conocer los detalles del apadrinamiento al programa de nataci\u00f3n de ni\u00f1os y ni\u00f1as con condici\u00f3n especial, muchos de ellos provenientes de barrios marginados y de escasos recursos econ\u00f3micos.<\/span><\/p>\n<\/p>\n<p><span class=\"text1noticias\">En una bonita actividad celebrada en la Piscina del Centro Acu\u00e1tico del Centro Ol\u00edmpico Juan Pablo Duarte, Marcos D\u00edaz, comparti\u00f3 con muchos ni\u00f1os y ni\u00f1as que estaban participando en dicho programa.<\/span><\/p>\n<\/p>\n<p><span class=\"text1noticias\">El respaldo de Fundaci\u00f3n Marcos D\u00edaz, eleva de 34 a 60 la cantidad de ni\u00f1os que est\u00e1n dentro del programa de nataci\u00f3n para personas con condici\u00f3n especial, mucho de los cuales compiten en los eventos de Olimp\u00edadas Especiales.<\/span><\/p>\n<\/p>\n<p><span class=\"text1noticias\">En el acto estuvieron presentes Kathy Nicasio, directora ejecutiva de olimpiadas especiales, Arnoldo Aguilera, entrenador y director t\u00e9cnico de olimpiadas especiales, Maria Esther Valiente Presidenta de la Asociaci\u00f3n Dominicana de S\u00edndrome de Down, representante de Fundaci\u00f3n Nido de Angeles y el Lic. Mario Aybar Director Ejecutivo del Patronato del Complejo Acu\u00e1tico<\/span><\/p>\n<\/p>\n<p><span class=\"text1noticias\">D\u00edaz afirm\u00f3 que el apoyo consiste en apadrinar a un grupo de j\u00f3venes con condici\u00f3n especial que provienen de sectores de escasos recursos econ\u00f3micos para que puedan beneficiarse de las grandes virtudes que ofrece la nataci\u00f3n para su salud y crecimiento. <\/span><\/p>\n<\/p>\n<p><span class=\"text1noticias\">\u00bbNo estoy aqu\u00ed en mi condici\u00f3n de Vice Ministro de Deportes, ni tampoco como miembro del Patronato que administra este complejo, estoy aqu\u00ed en mi condici\u00f3n de atleta, que por a\u00f1os fu\u00ed colega de muchos de estos j\u00f3venes presentes, entrenamos en las mismas piscinas y vi como la nataci\u00f3n les permiti\u00f3 a muchos inclusive llegar a niveles competitivos\u00bb,afirm\u00f3 el ex nadador.<\/span><\/p>\n<\/p>\n<p><span class=\"text1noticias\">Y agreg\u00f3: \u00bbHoy simplemente a\u00f1adimos una gotica de agua al programa existente con el deseo de que los nuevos ni\u00f1os y j\u00f3venes con condici\u00f3n especial que ingresan, puedan beneficiarse de la pr\u00e1ctica de la nataci\u00f3n. Estoy seguro que muchos llegar\u00e1n a competir en eventos nacionales e internacionales representando nuestros pa\u00eds&#8217;, expres\u00f3 Marcos Diaz<\/span><\/p>\n<\/p>\n<p><span class=\"text1noticias\">D\u00edaz comparti\u00f3 con todos los j\u00f3venes, as\u00ed como con los padres a quienes felicit\u00f3 por su entrega a la vez que resalt\u00f3  todo lo que el deporte de la nataci\u00f3n puede hacer por el bien de sus hijos.(HG)<\/span>.<\/p>\n<h6> 2014-10-01 19:48:48 <\/h6>\n<p><!--\n<link rel=\"stylesheet\" href=\"css\/bootstrap.min.css\">\n\n\n<ul class=\"pagination\">\n\t    \n\t\n\n<li >\n\t<a href='?page_no=16459'>Previous<\/a>\n\t<\/li>\n\n\n       \n    \n\n<li><a href='?page_no=1'>1<\/a><\/li>\n\n\n\n<li><a href='?page_no=2'>2<\/a><\/li>\n\n\n\n<li><a>...<\/a><\/li>\n\n\n\n<li><a href='?page_no=16458'>16458<\/a><\/li>\n\n\n\n<li><a href='?page_no=16459'>16459<\/a><\/li>\n\n\n\n<li class='active'><a>16460<\/a><\/li>\n\n\n\n<li><a href='?page_no=16461'>16461<\/a><\/li>\n\n\n\n<li><a href='?page_no=16462'>16462<\/a><\/li>\n\n\n\n<li><a>...<\/a><\/li>\n\n\n\n<li><a href='?page_no=36618'>36618<\/a><\/li>\n\n\n\n<li><a href='?page_no=36619'>36619<\/a><\/li>\n\n    \n\t\n\n<li >\n\t<a href='?page_no=16461'>Next<\/a>\n\t<\/li>\n\n\n    \n\n<li><a href='?page_no=36619'>Last &rsaquo;&rsaquo;<\/a><\/li>\n\n<\/ul>\n\n\n--><br \/>\n<\/body><\/p>\n","protected":false},"excerpt":{"rendered":"<p>Santo Domingo, RD, 1 de Octubre.-Con el objetivo de seguir aportando a la sociedad, la Fundaci\u00f3n Marcos D\u00edaz dio a conocer los detalles del apadrinamiento al programa de nataci\u00f3n de ni\u00f1os y ni\u00f1as con condici\u00f3n especial, muchos de ellos provenientes de barrios marginados y de escasos recursos econ\u00f3micos. En una bonita actividad celebrada en la [&hellip;]<\/p>\n","protected":false},"author":3,"featured_media":0,"comment_status":"open","ping_status":"open","sticky":false,"template":"","format":"standard","meta":{"footnotes":""},"categories":[17],"tags":[],"class_list":["post-200015","post","type-post","status-publish","format-standard","hentry","category-deportes"],"_links":{"self":[{"href":"https:\/\/diariodominicano.com\/index.php?rest_route=\/wp\/v2\/posts\/200015","targetHints":{"allow":["GET"]}}],"collection":[{"href":"https:\/\/diariodominicano.com\/index.php?rest_route=\/wp\/v2\/posts"}],"about":[{"href":"https:\/\/diariodominicano.com\/index.php?rest_route=\/wp\/v2\/types\/post"}],"author":[{"embeddable":true,"href":"https:\/\/diariodominicano.com\/index.php?rest_route=\/wp\/v2\/users\/3"}],"replies":[{"embeddable":true,"href":"https:\/\/diariodominicano.com\/index.php?rest_route=%2Fwp%2Fv2%2Fcomments&post=200015"}],"version-history":[{"count":0,"href":"https:\/\/diariodominicano.com\/index.php?rest_route=\/wp\/v2\/posts\/200015\/revisions"}],"wp:attachment":[{"href":"https:\/\/diariodominicano.com\/index.php?rest_route=%2Fwp%2Fv2%2Fmedia&parent=200015"}],"wp:term":[{"taxonomy":"category","embeddable":true,"href":"https:\/\/diariodominicano.com\/index.php?rest_route=%2Fwp%2Fv2%2Fcategories&post=200015"},{"taxonomy":"post_tag","embeddable":true,"href":"https:\/\/diariodominicano.com\/index.php?rest_route=%2Fwp%2Fv2%2Ftags&post=200015"}],"curies":[{"name":"wp","href":"https:\/\/api.w.org\/{rel}","templated":true}]}}