{"id":200013,"date":"2014-10-01T21:24:27","date_gmt":"2014-10-01T21:24:27","guid":{"rendered":"http:\/\/diariodominicano.ddns.net\/?p=200013"},"modified":"2014-10-01T21:24:27","modified_gmt":"2014-10-01T21:24:27","slug":"atletas-de-judo-se-alistan-para-conseguir-12-medallas-en-juegos-centroamericanos","status":"publish","type":"post","link":"https:\/\/diariodominicano.com\/?p=200013","title":{"rendered":"Atletas de judo se alistan para conseguir 12 medallas en Juegos Centroamericanos"},"content":{"rendered":"<p><body><\/p>\n<p><img decoding=\"async\" src=\"http:\/\/localhost:8080\/img3\/Judo.jpg\" \/>  <\/p>\n<p><span class=\"text1noticias\">Santo Domingo, RD, 1 de Octubre.-Los judokas de Rep\u00fablica Dominicana est\u00e1n listos para hacer un buen papel en los Juegos Centroamericanos y del Caribe de Veracruz, M\u00e9xico.<\/span><\/p>\n<\/p>\n<p><span class=\"text1noticias\">Con esos fines han celebrado fogueos y bases de entrenamientos y en diferentes pa\u00edses para que los atletas est\u00e9n en su m\u00e1ximo nivel.<\/span><\/p>\n<\/p>\n<p><span class=\"text1noticias\">As\u00ed lo explicaron los dirigentes de la Federaci\u00f3n Dominicana de Judo al realizar una visita al programa \u00abContacto Deportivo\u00bb, transmitido por Santo Domingo TV de lunes a jueves a las 11:00 d la ma\u00f1ana.<\/span><\/p>\n<\/p>\n<p><span class=\"text1noticias\">\u00abAqu\u00ed est\u00e1n con nosotros todos los atletas que han clasificado para estos juegos y aunque no le vamos a poner color a las medallas, proyectamos unas 12 medallas para el judo\u00bb, exclamaron optimistas los t\u00e9cnicos, que estuvieron encabezados por Jos\u00e9 Daniel Figueroa, secretario general de Fedojudo.<\/span><\/p>\n<\/p>\n<p><span class=\"text1noticias\">Entre los atletas estaban presentes las medallistas Panamericanas y Centroamericanas, Mar\u00eda Garc\u00eda y Leidy Germ\u00e1n.<\/span><\/p>\n<\/p>\n<p><span class=\"text1noticias\">Germ\u00e1n, quien participar\u00e1 en sus cuartos Juegos Centroamericanos ha sido adem\u00e1s medallista en el Campeonato Mundial de Judo celebrado en el 2011.<\/span><\/p>\n<\/p>\n<p><span class=\"text1noticias\">\u00abNos sentimos muy optimistas para los Centroamericanos. Estamos confiadas en que vamos a traer medallas y vamos a representar dignamente nuestro pa\u00eds\u00bb, expusieron Garc\u00eda y Germ\u00e1n.<\/span><\/p>\n<\/p>\n<p><span class=\"text1noticias\">Los dirigentes del Judo sostienen que ese deporte est\u00e1 en su mejor momento y que ha sido una d las federaciones de mejor resultados en los \u00faltimos a\u00f1os.(HG)<\/span>.<\/p>\n<h6> 2014-10-01 21:24:27 <\/h6>\n<p><!--\n<link rel=\"stylesheet\" href=\"css\/bootstrap.min.css\">\n\n\n<ul class=\"pagination\">\n\t    \n\t\n\n<li >\n\t<a href='?page_no=16458'>Previous<\/a>\n\t<\/li>\n\n\n       \n    \n\n<li><a href='?page_no=1'>1<\/a><\/li>\n\n\n\n<li><a href='?page_no=2'>2<\/a><\/li>\n\n\n\n<li><a>...<\/a><\/li>\n\n\n\n<li><a href='?page_no=16457'>16457<\/a><\/li>\n\n\n\n<li><a href='?page_no=16458'>16458<\/a><\/li>\n\n\n\n<li class='active'><a>16459<\/a><\/li>\n\n\n\n<li><a href='?page_no=16460'>16460<\/a><\/li>\n\n\n\n<li><a href='?page_no=16461'>16461<\/a><\/li>\n\n\n\n<li><a>...<\/a><\/li>\n\n\n\n<li><a href='?page_no=36618'>36618<\/a><\/li>\n\n\n\n<li><a href='?page_no=36619'>36619<\/a><\/li>\n\n    \n\t\n\n<li >\n\t<a href='?page_no=16460'>Next<\/a>\n\t<\/li>\n\n\n    \n\n<li><a href='?page_no=36619'>Last &rsaquo;&rsaquo;<\/a><\/li>\n\n<\/ul>\n\n\n--><br \/>\n<\/body><\/p>\n","protected":false},"excerpt":{"rendered":"<p>Santo Domingo, RD, 1 de Octubre.-Los judokas de Rep\u00fablica Dominicana est\u00e1n listos para hacer un buen papel en los Juegos Centroamericanos y del Caribe de Veracruz, M\u00e9xico. Con esos fines han celebrado fogueos y bases de entrenamientos y en diferentes pa\u00edses para que los atletas est\u00e9n en su m\u00e1ximo nivel. As\u00ed lo explicaron los dirigentes [&hellip;]<\/p>\n","protected":false},"author":3,"featured_media":0,"comment_status":"open","ping_status":"open","sticky":false,"template":"","format":"standard","meta":{"footnotes":""},"categories":[17],"tags":[],"class_list":["post-200013","post","type-post","status-publish","format-standard","hentry","category-deportes"],"_links":{"self":[{"href":"https:\/\/diariodominicano.com\/index.php?rest_route=\/wp\/v2\/posts\/200013","targetHints":{"allow":["GET"]}}],"collection":[{"href":"https:\/\/diariodominicano.com\/index.php?rest_route=\/wp\/v2\/posts"}],"about":[{"href":"https:\/\/diariodominicano.com\/index.php?rest_route=\/wp\/v2\/types\/post"}],"author":[{"embeddable":true,"href":"https:\/\/diariodominicano.com\/index.php?rest_route=\/wp\/v2\/users\/3"}],"replies":[{"embeddable":true,"href":"https:\/\/diariodominicano.com\/index.php?rest_route=%2Fwp%2Fv2%2Fcomments&post=200013"}],"version-history":[{"count":0,"href":"https:\/\/diariodominicano.com\/index.php?rest_route=\/wp\/v2\/posts\/200013\/revisions"}],"wp:attachment":[{"href":"https:\/\/diariodominicano.com\/index.php?rest_route=%2Fwp%2Fv2%2Fmedia&parent=200013"}],"wp:term":[{"taxonomy":"category","embeddable":true,"href":"https:\/\/diariodominicano.com\/index.php?rest_route=%2Fwp%2Fv2%2Fcategories&post=200013"},{"taxonomy":"post_tag","embeddable":true,"href":"https:\/\/diariodominicano.com\/index.php?rest_route=%2Fwp%2Fv2%2Ftags&post=200013"}],"curies":[{"name":"wp","href":"https:\/\/api.w.org\/{rel}","templated":true}]}}