{"id":200012,"date":"2014-10-01T21:28:46","date_gmt":"2014-10-01T21:28:46","guid":{"rendered":"http:\/\/diariodominicano.ddns.net\/?p=200012"},"modified":"2014-10-01T21:28:46","modified_gmt":"2014-10-01T21:28:46","slug":"yeudy-villar-se-corona-campeon-de-sencillos-u14-en-la-vi-copa-mangu","status":"publish","type":"post","link":"https:\/\/diariodominicano.com\/?p=200012","title":{"rendered":"Yeudy Villar se corona campe\u00f3n de sencillos U14 en la VI Copa Mang\u00fa"},"content":{"rendered":"<p><body><\/p>\n<p><img decoding=\"async\" src=\"img3\/tenis.jpg\" \/>  <\/p>\n<p><span class=\"text1noticias\">Santo Domingo, RD, 1 de Octubre.-Yeudy Villar se coron\u00f3 campe\u00f3n de sencillos en la categor\u00eda U14, dentro de la VI Copa Internacional de Tenis Mang\u00fa, que se escenifica en las canchas del Parque del Este con jugadores de 25 naciones.<\/span><\/p>\n<\/p>\n<p><span class=\"text1noticias\">Villar derrot\u00f3 en la final a su paisano Luis Jager, con parciales de 6-4, 6-4, procl\u00e1mandose adem\u00e1s campe\u00f3n de dobles, donde hizo pareja con Danail Banov, de Bulgaria, y superando a la dupla de dominicanos Johan Castillo y Luis Jager con sets de 2-6, 7-6(2) 10-8.<\/span><\/p>\n<\/p>\n<p><span class=\"text1noticias\">De su lado, en la m\u00e1xima divisi\u00f3n juvenil de 18 a\u00f1os, los dominicanos Jos\u00e9 Olivares, Karla Portalat\u00edn y la dominicana residente en Estados Unidos, Julia Vulpio, avanzaron a curtos de final, luego de obtener resonantes triunfos en la jornada de ayer.<\/span><\/p>\n<\/p>\n<p><span class=\"text1noticias\">Olivares, primer sembrado y favorito para ganar el evento, continu\u00f3 indetenible, volvi\u00f3 a ganar de manera c\u00f3moda, en esta ocasi\u00f3n al norteamericano Fletcher Scott con sets de 6-2, 6-1 y Portalat\u00edn tambi\u00e9n gan\u00f3 f\u00e1cil a la estadounidense Jenna Dean con parciales de 6-1, 6-1.<\/span><\/p>\n<\/p>\n<p><span class=\"text1noticias\">Asimismo, Vulpio, quien ha lucido muy bien en la cancha, venci\u00f3 7-5, 7-5 a la colombiana Valentina Gonz\u00e1lez Ram\u00edrez.<\/span><\/p>\n<\/p>\n<p><span class=\"text1noticias\">Otros tenistas que avanzaron a cuartos de final en 18 a\u00f1os ayer fueron, Gonzalo Adis, de Costa Rica, Alvaro Regalado, de Espa\u00f1a, Brian Shi y Jake Gabay, de Estados Unidos, Paolo Cucal\u00f3n Herrera, de Colombia y Camilo Ponce, de Ecuador.<\/span><\/p>\n<\/p>\n<p><span class=\"text1noticias\">Tambi\u00e9n avanzaron Polina Kiseleva y Ana Smith, Nicole Conard y Madeline Meredith, de USA y Eugenia Camacho, de Costa Rica.<\/span><\/p>\n<\/p>\n<p><span class=\"text1noticias\">En la Copa Mang\u00fa participan jugadores de los continentes de Asia, Europa, Norteam\u00e9rica y Am\u00e9rica Latina y se estar\u00e1 celebrando hasta el s\u00e1bado 4 de octubre.<\/span><\/p>\n<\/p>\n<p><span class=\"text1noticias\">La Copa Mang\u00fa Es un evento puntuable para el ranking internacional de la ITF y se juega en las categor\u00edas de U-14 y U-18, en las modalidades de dobles y sencillos, en masculino y femenina.<\/span><\/p>\n<\/p>\n<p><span class=\"text1noticias\">El ingeniero Sergio Tobal, director general del torneo, anunci\u00f3 que los partidos siguen este jueves con los cuartos de final a partir de las 8:30 de la ma\u00f1ana.<\/span><\/p>\n<\/p>\n<p><span class=\"text1noticias\">El certamen, que cuenta con el apoyo y la certificaci\u00f3n de la Federaci\u00f3n Internacional de Tenis (ITF), tiene al peruano Julio Cavero como referee, asistido por el cubano Abel \u00c1lvarez, junto al staff de oficiales dominicanos, que estar\u00e1 coordinado por Francisco de los Santos.(HG)<\/span>.<\/p>\n<\/p>\n<\/p>\n<\/p>\n<h6> 2014-10-01 21:28:46 <\/h6>\n<p><!--\n<link rel=\"stylesheet\" href=\"css\/bootstrap.min.css\">\n\n\n<ul class=\"pagination\">\n\t    \n\t\n\n<li >\n\t<a href='?page_no=16457'>Previous<\/a>\n\t<\/li>\n\n\n       \n    \n\n<li><a href='?page_no=1'>1<\/a><\/li>\n\n\n\n<li><a href='?page_no=2'>2<\/a><\/li>\n\n\n\n<li><a>...<\/a><\/li>\n\n\n\n<li><a href='?page_no=16456'>16456<\/a><\/li>\n\n\n\n<li><a href='?page_no=16457'>16457<\/a><\/li>\n\n\n\n<li class='active'><a>16458<\/a><\/li>\n\n\n\n<li><a href='?page_no=16459'>16459<\/a><\/li>\n\n\n\n<li><a href='?page_no=16460'>16460<\/a><\/li>\n\n\n\n<li><a>...<\/a><\/li>\n\n\n\n<li><a href='?page_no=36618'>36618<\/a><\/li>\n\n\n\n<li><a href='?page_no=36619'>36619<\/a><\/li>\n\n    \n\t\n\n<li >\n\t<a href='?page_no=16459'>Next<\/a>\n\t<\/li>\n\n\n    \n\n<li><a href='?page_no=36619'>Last &rsaquo;&rsaquo;<\/a><\/li>\n\n<\/ul>\n\n\n--><br \/>\n<\/body><\/p>\n","protected":false},"excerpt":{"rendered":"<p>Santo Domingo, RD, 1 de Octubre.-Yeudy Villar se coron\u00f3 campe\u00f3n de sencillos en la categor\u00eda U14, dentro de la VI Copa Internacional de Tenis Mang\u00fa, que se escenifica en las canchas del Parque del Este con jugadores de 25 naciones. Villar derrot\u00f3 en la final a su paisano Luis Jager, con parciales de 6-4, 6-4, [&hellip;]<\/p>\n","protected":false},"author":3,"featured_media":0,"comment_status":"open","ping_status":"open","sticky":false,"template":"","format":"standard","meta":{"footnotes":""},"categories":[17],"tags":[],"class_list":["post-200012","post","type-post","status-publish","format-standard","hentry","category-deportes"],"_links":{"self":[{"href":"https:\/\/diariodominicano.com\/index.php?rest_route=\/wp\/v2\/posts\/200012","targetHints":{"allow":["GET"]}}],"collection":[{"href":"https:\/\/diariodominicano.com\/index.php?rest_route=\/wp\/v2\/posts"}],"about":[{"href":"https:\/\/diariodominicano.com\/index.php?rest_route=\/wp\/v2\/types\/post"}],"author":[{"embeddable":true,"href":"https:\/\/diariodominicano.com\/index.php?rest_route=\/wp\/v2\/users\/3"}],"replies":[{"embeddable":true,"href":"https:\/\/diariodominicano.com\/index.php?rest_route=%2Fwp%2Fv2%2Fcomments&post=200012"}],"version-history":[{"count":0,"href":"https:\/\/diariodominicano.com\/index.php?rest_route=\/wp\/v2\/posts\/200012\/revisions"}],"wp:attachment":[{"href":"https:\/\/diariodominicano.com\/index.php?rest_route=%2Fwp%2Fv2%2Fmedia&parent=200012"}],"wp:term":[{"taxonomy":"category","embeddable":true,"href":"https:\/\/diariodominicano.com\/index.php?rest_route=%2Fwp%2Fv2%2Fcategories&post=200012"},{"taxonomy":"post_tag","embeddable":true,"href":"https:\/\/diariodominicano.com\/index.php?rest_route=%2Fwp%2Fv2%2Ftags&post=200012"}],"curies":[{"name":"wp","href":"https:\/\/api.w.org\/{rel}","templated":true}]}}