{"id":200004,"date":"2014-10-02T17:47:02","date_gmt":"2014-10-02T17:47:02","guid":{"rendered":"http:\/\/diariodominicano.ddns.net\/?p=200004"},"modified":"2014-10-02T17:47:02","modified_gmt":"2014-10-02T17:47:02","slug":"inefi-inaugura-eliminatorias-regionales-acto-protocolar-se-realiza-en-cotui","status":"publish","type":"post","link":"https:\/\/diariodominicano.com\/?p=200004","title":{"rendered":"Inefi inaugura eliminatorias Regionales; acto protocolar se realiza en Cotu\u00ed&#13;"},"content":{"rendered":"<p><body><\/p>\n<p><img decoding=\"async\" src=\"img3\/juegos 2.jpg\" \/>  <\/p>\n<p>Cotu\u00ed, Provincia S\u00e1nchez Ram\u00edrez RD 2 octubre.- El Instituto Nacional de Educaci\u00f3n F\u00edsica (INEFI) dej\u00f3 inauguradas las eliminatorias regionales, que ser\u00e1n efectuadas en todo el territorio nacional, con miras a los VI Juegos Escolares Deportivos Nacionales.<\/p>\n<\/p>\n<p>El acto protocolar fue realizado en el polideportivo de aqu\u00ed, con la participaci\u00f3n de las principales autoridades educativas, deportivas y comunitarias de esta ciudad.<\/p>\n<\/p>\n<p>La mesa de honor fue encabezada por el director ejecutivo de Inefi, licenciado \u00c1ngel Danilo Mesa, quien estuvo acompa\u00f1ado por el doctor Jaime David Fern\u00e1ndez Mirabal, ministro de Deportes; la gobernadora provincial Teresa Inoa; F\u00e9lix V\u00e1squez, senador; Ram\u00f3n Antonio V\u00e1squez, director de la regional 16, de aqu\u00ed, y Andr\u00e9s Abreu, presidente de la Asociaci\u00f3n Dominicana de Profesores (ADP) filial Cotu\u00ed.<\/p>\n<\/p>\n<p>Adem\u00e1s, Porfirio Ambiorix Laureano y Fernando Tiburcio, directores zonales de Inefi; Milc\u00edades D\u00edaz, presidente de la Asociaci\u00f3n de Baloncesto de Cotu\u00ed y Fabio de Le\u00f3n, vicepresidente de la Federaci\u00f3n Nacional de Softbol.<\/p>\n<\/p>\n<p>Al pronunciar el discurso central del acto, el licenciado Mesa destac\u00f3 que en unos 35 mil estudiantes participan en las eliminatorias que se iniciaron simult\u00e1neamente en 18 regionales educativas.<\/p>\n<\/p>\n<p>Resalt\u00f3 adem\u00e1s la importancia de la actividad f\u00edsica, como una manera de mantener la salud.<\/p>\n<\/p>\n<p>\u00abDebemos cuidar nuestro cuerpo porque es el \u00fanico que nos acompa\u00f1a desde que nacemos hasta que morimos\u00bb, explic\u00f3 Mesa.<\/p>\n<\/p>\n<p>Y agreg\u00f3 que es preferible que los gobiernos inviertan en prevenir las enfermedades hoy para no tener que hacer mayores inversiones en medicamentos en busca de devolverles la salud a las personas.<\/p>\n<\/p>\n<p>Agradeci\u00f3 la presencia a las autoridades de la ciudad y el respaldo de todos los presentes, en nombre del ministro de Educaci\u00f3n, licenciado Carlos Amarante Baret, a quien defini\u00f3 como una persona amante de la eduaci\u00f3n f\u00edsica.<\/p>\n<\/p>\n<p>En las eliminatorias participan unos 35 mil estudiantes en todo el pa\u00eds, con el objetivo de obtener su pase a las eliminatorias zonales, las cuales ser\u00e1n el boleto que los llevar\u00e1 a los VI Juegos Escolares, meta principal de cada alumno participante.<\/p>\n<\/p>\n<p>El acto inici\u00f3 con la entonaci\u00f3n del Himno Nacional a cargo del coro del liceo Profesor Juan Bosch; el padre Bel\u00e9n, de la parroquia Las Mercedes, bendijo la actividad, mientras que el juramento deportivo lo hizo Celena Blanco, del liceo Francisco Henr\u00edquez y Carvajal, ex integrante de la pre-selecci\u00f3n nacional de voleibol. La presentaci\u00f3n art\u00edstica fue realizada por el grupo folcl\u00f3rico del Distrito 16-03, de Cevicos.<\/p>\n<\/p>\n<p>Los VI Juegos Escolares Deportivos Nacionales ser\u00e1n celebrados en La Romana desde 29 de octubre hasta el 7 de noviembre y tendr\u00e1n la participaci\u00f3n de tres mil estudiantes de todo el pa\u00eds.<\/p>\n<h6> 2014-10-02 17:47:02 <\/h6>\n<p><!--\n<link rel=\"stylesheet\" href=\"css\/bootstrap.min.css\">\n\n\n<ul class=\"pagination\">\n\t    \n\t\n\n<li >\n\t<a href='?page_no=16449'>Previous<\/a>\n\t<\/li>\n\n\n       \n    \n\n<li><a href='?page_no=1'>1<\/a><\/li>\n\n\n\n<li><a href='?page_no=2'>2<\/a><\/li>\n\n\n\n<li><a>...<\/a><\/li>\n\n\n\n<li><a href='?page_no=16448'>16448<\/a><\/li>\n\n\n\n<li><a href='?page_no=16449'>16449<\/a><\/li>\n\n\n\n<li class='active'><a>16450<\/a><\/li>\n\n\n\n<li><a href='?page_no=16451'>16451<\/a><\/li>\n\n\n\n<li><a href='?page_no=16452'>16452<\/a><\/li>\n\n\n\n<li><a>...<\/a><\/li>\n\n\n\n<li><a href='?page_no=36618'>36618<\/a><\/li>\n\n\n\n<li><a href='?page_no=36619'>36619<\/a><\/li>\n\n    \n\t\n\n<li >\n\t<a href='?page_no=16451'>Next<\/a>\n\t<\/li>\n\n\n    \n\n<li><a href='?page_no=36619'>Last &rsaquo;&rsaquo;<\/a><\/li>\n\n<\/ul>\n\n\n--><br \/>\n<\/body><\/p>\n","protected":false},"excerpt":{"rendered":"<p>Cotu\u00ed, Provincia S\u00e1nchez Ram\u00edrez RD 2 octubre.- El Instituto Nacional de Educaci\u00f3n F\u00edsica (INEFI) dej\u00f3 inauguradas las eliminatorias regionales, que ser\u00e1n efectuadas en todo el territorio nacional, con miras a los VI Juegos Escolares Deportivos Nacionales. El acto protocolar fue realizado en el polideportivo de aqu\u00ed, con la participaci\u00f3n de las principales autoridades educativas, deportivas [&hellip;]<\/p>\n","protected":false},"author":3,"featured_media":0,"comment_status":"open","ping_status":"open","sticky":false,"template":"","format":"standard","meta":{"footnotes":""},"categories":[17],"tags":[],"class_list":["post-200004","post","type-post","status-publish","format-standard","hentry","category-deportes"],"_links":{"self":[{"href":"https:\/\/diariodominicano.com\/index.php?rest_route=\/wp\/v2\/posts\/200004","targetHints":{"allow":["GET"]}}],"collection":[{"href":"https:\/\/diariodominicano.com\/index.php?rest_route=\/wp\/v2\/posts"}],"about":[{"href":"https:\/\/diariodominicano.com\/index.php?rest_route=\/wp\/v2\/types\/post"}],"author":[{"embeddable":true,"href":"https:\/\/diariodominicano.com\/index.php?rest_route=\/wp\/v2\/users\/3"}],"replies":[{"embeddable":true,"href":"https:\/\/diariodominicano.com\/index.php?rest_route=%2Fwp%2Fv2%2Fcomments&post=200004"}],"version-history":[{"count":0,"href":"https:\/\/diariodominicano.com\/index.php?rest_route=\/wp\/v2\/posts\/200004\/revisions"}],"wp:attachment":[{"href":"https:\/\/diariodominicano.com\/index.php?rest_route=%2Fwp%2Fv2%2Fmedia&parent=200004"}],"wp:term":[{"taxonomy":"category","embeddable":true,"href":"https:\/\/diariodominicano.com\/index.php?rest_route=%2Fwp%2Fv2%2Fcategories&post=200004"},{"taxonomy":"post_tag","embeddable":true,"href":"https:\/\/diariodominicano.com\/index.php?rest_route=%2Fwp%2Fv2%2Ftags&post=200004"}],"curies":[{"name":"wp","href":"https:\/\/api.w.org\/{rel}","templated":true}]}}