{"id":200000,"date":"2014-10-02T21:20:45","date_gmt":"2014-10-02T21:20:45","guid":{"rendered":"http:\/\/diariodominicano.ddns.net\/?p=200000"},"modified":"2014-10-02T21:20:45","modified_gmt":"2014-10-02T21:20:45","slug":"el-presidente-futbol-dice-creacion-liga-profesional-de-futbol-ayudara-rd-asistir-a-un-mundial","status":"publish","type":"post","link":"https:\/\/diariodominicano.com\/?p=200000","title":{"rendered":"El presidente F\u00fatbol dice creaci\u00f3n Liga Profesional de F\u00fatbol ayudar\u00e1 RD asistir a un Mundial&#13;"},"content":{"rendered":"<p><body><\/p>\n<p><img decoding=\"async\" src=\"img3\/osiris.jpg\" \/>  <\/p>\n<p><span class=\"text1noticias\">Santo Domingo, RD, 2 de Octubre.-El presidente de la Federaci\u00f3n Dominicana de F\u00fatbol, Osiris Guzm\u00e1n declar\u00f3 que con la creaci\u00f3n de la Liga Profesional de F\u00fatbol se podr\u00e1 cumplir el sue\u00f1o anhelado de los dominicanos de estar presente en un Mundial de F\u00fatbol.<\/span><\/p>\n<\/p>\n<p><span class=\"text1noticias\">Guzm\u00e1n se expres\u00f3 en esos t\u00e9rminos tras ser entrevistado en el programa \u00abContacto Deportivo\u00bb conducido por los periodistas Zoilo Payano, L\u00e1zaro Garc\u00eda, Tito Alc\u00e1ntara y David Salvador.<\/span><\/p>\n<\/p>\n<p><span class=\"text1noticias\">Con esos fines, t\u00e9cnicos ingleses hicieron estudios de factibilidad a las grandes empresas y complejos hoteleros.<\/span><\/p>\n<\/p>\n<p><span class=\"text1noticias\">De paso, anunci\u00f3 la apertura oficial de la Liga Profesional de F\u00fatbol para el d\u00eda 8 del mes de marzo de 2015, en el campo del Estadio Ol\u00edmpico F\u00e9lix S\u00e1nchez.<\/span><\/p>\n<\/p>\n<p><span class=\"text1noticias\">El dirigente federado sostuvo que en la justa participar\u00e1n 10 equipos, dentro de los que est\u00e1n los tradicionales del b\u00e9isbol invernal, a los que se les facilit\u00f3 una licencia que pertenece a la Fedof\u00fatbol.<\/span><\/p>\n<\/p>\n<p><span class=\"text1noticias\">Asegur\u00f3 que los dirigentes del f\u00fatbol siguen trabajando en los planes de la entidad para seguir masificando esa disciplina a nivel nacional, al tiempo que dijo que con los \u00faltimos logros est\u00e1n muy bien posicionado en el \u00e1rea del Caribe.<\/span><\/p>\n<\/p>\n<p><span class=\"text1noticias\">En otro aspecto, Guzm\u00e1n sugiri\u00f3 al ministro de Deportes que adem\u00e1s de que las instalaciones sean pintadas y embellecidas, algunas como los campos de f\u00fatbol del Parque del Este y el Centro Ol\u00edmpico sean remodelados, al tiempo que abog\u00f3 por un mayor presupuesto en el deporte, indicando que desde hace esa federaci\u00f3n se maneja con los mismos recursos.<\/span><\/p>\n<\/p>\n<p><span class=\"text1noticias\">Mostr\u00f3 su desacuerdo con la realizaci\u00f3n del Festival Presidente, dado que en ocasiones pasadas han sido dejados en el campo cientos de trozos de metales introducidos en el terreno que sirven de soporte a algunas vallas.<\/span><\/p>\n<\/p>\n<p><span class=\"text1noticias\">\u00abNo estoy de acuerdo en que el Estadio Ol\u00edmpico F\u00e9lix S\u00e1nchez sea utilizado para eventos como el Festival Presidente por los da\u00f1os que provoca al terreno\u00bb, precis\u00f3 Osiris Guzm\u00e1n.(HG)<\/span>.<\/p>\n<\/p>\n<p>El programa \u00abContacto Deportivo\u00bb, es trasmitido de lunes a jueves de 11:00 a 12:00 del mediod\u00eda por Santo Domingo TV, canal 24 del cable y 69 de UHF.<\/p>\n<\/p>\n<h6> 2014-10-02 21:20:45 <\/h6>\n<p><!--\n<link rel=\"stylesheet\" href=\"css\/bootstrap.min.css\">\n\n\n<ul class=\"pagination\">\n\t    \n\t\n\n<li >\n\t<a href='?page_no=16446'>Previous<\/a>\n\t<\/li>\n\n\n       \n    \n\n<li><a href='?page_no=1'>1<\/a><\/li>\n\n\n\n<li><a href='?page_no=2'>2<\/a><\/li>\n\n\n\n<li><a>...<\/a><\/li>\n\n\n\n<li><a href='?page_no=16445'>16445<\/a><\/li>\n\n\n\n<li><a href='?page_no=16446'>16446<\/a><\/li>\n\n\n\n<li class='active'><a>16447<\/a><\/li>\n\n\n\n<li><a href='?page_no=16448'>16448<\/a><\/li>\n\n\n\n<li><a href='?page_no=16449'>16449<\/a><\/li>\n\n\n\n<li><a>...<\/a><\/li>\n\n\n\n<li><a href='?page_no=36618'>36618<\/a><\/li>\n\n\n\n<li><a href='?page_no=36619'>36619<\/a><\/li>\n\n    \n\t\n\n<li >\n\t<a href='?page_no=16448'>Next<\/a>\n\t<\/li>\n\n\n    \n\n<li><a href='?page_no=36619'>Last &rsaquo;&rsaquo;<\/a><\/li>\n\n<\/ul>\n\n\n--><br \/>\n<\/body><\/p>\n","protected":false},"excerpt":{"rendered":"<p>Santo Domingo, RD, 2 de Octubre.-El presidente de la Federaci\u00f3n Dominicana de F\u00fatbol, Osiris Guzm\u00e1n declar\u00f3 que con la creaci\u00f3n de la Liga Profesional de F\u00fatbol se podr\u00e1 cumplir el sue\u00f1o anhelado de los dominicanos de estar presente en un Mundial de F\u00fatbol. Guzm\u00e1n se expres\u00f3 en esos t\u00e9rminos tras ser entrevistado en el programa [&hellip;]<\/p>\n","protected":false},"author":3,"featured_media":0,"comment_status":"open","ping_status":"open","sticky":false,"template":"","format":"standard","meta":{"footnotes":""},"categories":[17],"tags":[],"class_list":["post-200000","post","type-post","status-publish","format-standard","hentry","category-deportes"],"_links":{"self":[{"href":"https:\/\/diariodominicano.com\/index.php?rest_route=\/wp\/v2\/posts\/200000","targetHints":{"allow":["GET"]}}],"collection":[{"href":"https:\/\/diariodominicano.com\/index.php?rest_route=\/wp\/v2\/posts"}],"about":[{"href":"https:\/\/diariodominicano.com\/index.php?rest_route=\/wp\/v2\/types\/post"}],"author":[{"embeddable":true,"href":"https:\/\/diariodominicano.com\/index.php?rest_route=\/wp\/v2\/users\/3"}],"replies":[{"embeddable":true,"href":"https:\/\/diariodominicano.com\/index.php?rest_route=%2Fwp%2Fv2%2Fcomments&post=200000"}],"version-history":[{"count":0,"href":"https:\/\/diariodominicano.com\/index.php?rest_route=\/wp\/v2\/posts\/200000\/revisions"}],"wp:attachment":[{"href":"https:\/\/diariodominicano.com\/index.php?rest_route=%2Fwp%2Fv2%2Fmedia&parent=200000"}],"wp:term":[{"taxonomy":"category","embeddable":true,"href":"https:\/\/diariodominicano.com\/index.php?rest_route=%2Fwp%2Fv2%2Fcategories&post=200000"},{"taxonomy":"post_tag","embeddable":true,"href":"https:\/\/diariodominicano.com\/index.php?rest_route=%2Fwp%2Fv2%2Ftags&post=200000"}],"curies":[{"name":"wp","href":"https:\/\/api.w.org\/{rel}","templated":true}]}}