{"id":199999,"date":"2014-10-02T21:26:39","date_gmt":"2014-10-02T21:26:39","guid":{"rendered":"http:\/\/diariodominicano.ddns.net\/?p=199999"},"modified":"2014-10-02T21:26:39","modified_gmt":"2014-10-02T21:26:39","slug":"karla-y-olivares-avanzan-a-las-rondas-semifinales-de-la-categoria-u18-dentro-de-la-vi-copa-internacional-de-tenis-mangu","status":"publish","type":"post","link":"https:\/\/diariodominicano.com\/?p=199999","title":{"rendered":"Karla y Olivares avanzan a las rondas semifinales de la categor\u00eda U18, dentro de la VI Copa Internacional de Tenis Mang\u00fa"},"content":{"rendered":"<p><body><\/p>\n<p><img decoding=\"async\" src=\"img3\/Jose.jpg\" \/><br \/><img decoding=\"async\" src=\"http:\/\/localhost:8080\/img3\/Karla.jpg\" \/>  <\/p>\n<p><span class=\"text1noticias\">Santo Domingo, RD.-2 de octubre.-Karla Portalat\u00edn y Jos\u00e9 Olivares (Mat\u00f3n) continuaron indetenibles y avanzaron a las rondas semifinales de la categor\u00eda U18, dentro de la VI Copa Internacional de Tenis Mang\u00fa, que se escenifica en las canchas del Parque del Este con jugadores de 25 naciones y que este viernes entra en su pen\u00faltima fecha.<\/span><\/p>\n<\/p>\n<p><span class=\"text1noticias\">Karla, la tenista juvenil de mejor proyecci\u00f3n en Rep\u00fablica Dominicana en la actualidad, avanz\u00f3 a semifinales en sencillos y en la modalidad de dobles.<\/span><\/p>\n<\/p>\n<p><span class=\"text1noticias\">En sencillos derrot\u00f3 a Polina Kiseleva de USA con parciales de 6-3, 1-6, 7-6(3) y en los dobles haciendo pareja con la estadounidense Elene Isokilauri derrotaron al binomio integrado por Varina Jordanova (USA) y Antoanela Toskova, de Canad\u00e1.<\/span><\/p>\n<\/p>\n<p><span class=\"text1noticias\">De su lado, Jos\u00e9 Olivares, primer sembrado y favorito para ganar el evento, continu\u00f3 imparable, volvi\u00f3 a ganar de manera c\u00f3moda, en esta ocasi\u00f3n al costarricense Paolo Cucal\u00f3n con sets de 6-2, 6-1.<\/span><\/p>\n<\/p>\n<p><span class=\"text1noticias\">Asimismo, la dominicana residente en Estados Unidos, Julia Vulpio, quien ha lucido muy bien en la cancha, venci\u00f3 6-2, 7-5, a Eugenia Camacho,d e Costa Rica.<\/span><\/p>\n<\/p>\n<p><span class=\"text1noticias\">Otros tenistas que avanzaron a cuartos de final en 18 a\u00f1os ayer fueron, Madeline Maderith, de USA, que venci\u00f3 6-0, 6-3 a Alanna Smith, de USA y Alvaro Regalado, de Espa\u00f1a, se impuso a Gonzalo Adis, de Costa Rica 6-4, 7-5.<\/span><\/p>\n<\/p>\n<p><span class=\"text1noticias\">En la Copa Mang\u00fa participan jugadores de los continentes de Asia, Europa, Norteam\u00e9rica y Am\u00e9rica Latina y se estar\u00e1 celebrando hasta el s\u00e1bado 4 de octubre.<\/span><\/p>\n<\/p>\n<p><span class=\"text1noticias\">La Copa Mang\u00fa Es un evento puntuable para el ranking  internacional de la ITF y se juega en las categor\u00edas de U-14 y U-18, en las modalidades de dobles y sencillos, en masculino y femenina.<\/span><\/p>\n<p><span class=\"text1noticias\">El ingeniero Sergio Tobal, director general del torneo, anunci\u00f3 que los partidos siguen este viernes con los cuartos de final a partir de las 8:30 de la ma\u00f1ana.<\/span><\/p>\n<\/p>\n<p><span class=\"text1noticias\">El certamen, que cuenta con el apoyo y la certificaci\u00f3n de la Federaci\u00f3n Internacional de Tenis (ITF), tiene al cubano Abel Alvarez, como referee y al peruano Julio Cavero como supervisor de COTECC.(HG)<\/span>.<\/p>\n<h6> 2014-10-02 21:26:39 <\/h6>\n<p><!--\n<link rel=\"stylesheet\" href=\"css\/bootstrap.min.css\">\n\n\n<ul class=\"pagination\">\n\t    \n\t\n\n<li >\n\t<a href='?page_no=16445'>Previous<\/a>\n\t<\/li>\n\n\n       \n    \n\n<li><a href='?page_no=1'>1<\/a><\/li>\n\n\n\n<li><a href='?page_no=2'>2<\/a><\/li>\n\n\n\n<li><a>...<\/a><\/li>\n\n\n\n<li><a href='?page_no=16444'>16444<\/a><\/li>\n\n\n\n<li><a href='?page_no=16445'>16445<\/a><\/li>\n\n\n\n<li class='active'><a>16446<\/a><\/li>\n\n\n\n<li><a href='?page_no=16447'>16447<\/a><\/li>\n\n\n\n<li><a href='?page_no=16448'>16448<\/a><\/li>\n\n\n\n<li><a>...<\/a><\/li>\n\n\n\n<li><a href='?page_no=36618'>36618<\/a><\/li>\n\n\n\n<li><a href='?page_no=36619'>36619<\/a><\/li>\n\n    \n\t\n\n<li >\n\t<a href='?page_no=16447'>Next<\/a>\n\t<\/li>\n\n\n    \n\n<li><a href='?page_no=36619'>Last &rsaquo;&rsaquo;<\/a><\/li>\n\n<\/ul>\n\n\n--><br \/>\n<\/body><\/p>\n","protected":false},"excerpt":{"rendered":"<p>Santo Domingo, RD.-2 de octubre.-Karla Portalat\u00edn y Jos\u00e9 Olivares (Mat\u00f3n) continuaron indetenibles y avanzaron a las rondas semifinales de la categor\u00eda U18, dentro de la VI Copa Internacional de Tenis Mang\u00fa, que se escenifica en las canchas del Parque del Este con jugadores de 25 naciones y que este viernes entra en su pen\u00faltima fecha. [&hellip;]<\/p>\n","protected":false},"author":3,"featured_media":0,"comment_status":"open","ping_status":"open","sticky":false,"template":"","format":"standard","meta":{"footnotes":""},"categories":[17],"tags":[],"class_list":["post-199999","post","type-post","status-publish","format-standard","hentry","category-deportes"],"_links":{"self":[{"href":"https:\/\/diariodominicano.com\/index.php?rest_route=\/wp\/v2\/posts\/199999","targetHints":{"allow":["GET"]}}],"collection":[{"href":"https:\/\/diariodominicano.com\/index.php?rest_route=\/wp\/v2\/posts"}],"about":[{"href":"https:\/\/diariodominicano.com\/index.php?rest_route=\/wp\/v2\/types\/post"}],"author":[{"embeddable":true,"href":"https:\/\/diariodominicano.com\/index.php?rest_route=\/wp\/v2\/users\/3"}],"replies":[{"embeddable":true,"href":"https:\/\/diariodominicano.com\/index.php?rest_route=%2Fwp%2Fv2%2Fcomments&post=199999"}],"version-history":[{"count":0,"href":"https:\/\/diariodominicano.com\/index.php?rest_route=\/wp\/v2\/posts\/199999\/revisions"}],"wp:attachment":[{"href":"https:\/\/diariodominicano.com\/index.php?rest_route=%2Fwp%2Fv2%2Fmedia&parent=199999"}],"wp:term":[{"taxonomy":"category","embeddable":true,"href":"https:\/\/diariodominicano.com\/index.php?rest_route=%2Fwp%2Fv2%2Fcategories&post=199999"},{"taxonomy":"post_tag","embeddable":true,"href":"https:\/\/diariodominicano.com\/index.php?rest_route=%2Fwp%2Fv2%2Ftags&post=199999"}],"curies":[{"name":"wp","href":"https:\/\/api.w.org\/{rel}","templated":true}]}}