{"id":199986,"date":"2014-10-04T12:25:33","date_gmt":"2014-10-04T12:25:33","guid":{"rendered":"http:\/\/diariodominicano.ddns.net\/?p=199986"},"modified":"2014-10-04T12:25:33","modified_gmt":"2014-10-04T12:25:33","slug":"victor-estrella-juega-hoy-la-final-challenger-de-calipor-segundo-ano-seguido-tras-el-trofeo-primer-lugar","status":"publish","type":"post","link":"https:\/\/diariodominicano.com\/?p=199986","title":{"rendered":"V\u00edctor Estrella juega hoy la final Challenger de Cali;por segundo a\u00f1o seguido tras el trofeo primer lugar&#13;&#13;"},"content":{"rendered":"<p><body><\/p>\n<p><img decoding=\"async\" src=\"img3\/vic 4.jpeg\" \/>  <\/p>\n<p>Santo Domingo RD 4 octubre.- El dominicano V\u00edctor Estrella, clasificado No. 71 en el ranking ATP,  venci\u00f3 2-1 al argentino Guido Andreozzi  para pasar a la ronda final del ATP Challenger Claro Open, Cali, Colombia 2014.<\/p>\n<\/p>\n<p>Los sets concluyeron (7-6) 6-3 6-0 en la cancha en polvo de ladrillo de la Liga Vallecaucana de Tenis.<\/p>\n<\/p>\n<p>La primera raqueta dominicana ven\u00eda de derrotar en el  jueves en los cuartos de final al chileno Nicol\u00e1s Jarry por 7-6 (3), 6-3.<\/p>\n<\/p>\n<p>Estrella, tercer preclasificado del evento, est\u00e1 en su segunda final consecutiva, ambas en Colombia, incluyendo su proclamaci\u00f3n de campe\u00f3n en la ciudad de Pereira hace una semana.<\/p>\n<\/p>\n<p>Souza o Lorenzi<\/p>\n<p>El dominicano Estrella, que este a\u00f1o tuvo un raudo paseo por los torneos Grand Slam de Roland Garros, Wimbledon y US Open esperaba anoche su rival.<\/p>\n<\/p>\n<p>La segunda semifinal decid\u00eda el otro finalista de hoy s\u00e1bado, con el ganador del choque entre el veterano  italiano Paolo Lorenzi y el aguerrido brasile\u00f1o Joao Souza.<\/p>\n<\/p>\n<p>Dos Challenger<\/p>\n<p>En 2009 Estrella gan\u00f3 sus primeros dos t\u00edtulos ATP Challenger Series,  ambos en la versi\u00f3n de dobles en el mes de mayo.<\/p>\n<\/p>\n<p>El primer Challenger lo conquist\u00f3 en Pereira, Colombia, junto al brasile\u00f1o Jo?o Souza, quien podr\u00eda ser su rival; el segundo t\u00edtulo lo obtuvo en Sarasota, Estados Unidos, junto al mexicano Santiago Gonz\u00e1lez.<\/p>\n<\/p>\n<h6> 2014-10-04 12:25:33 <\/h6>\n<p><!--\n<link rel=\"stylesheet\" href=\"css\/bootstrap.min.css\">\n\n\n<ul class=\"pagination\">\n\t    \n\t\n\n<li >\n\t<a href='?page_no=16433'>Previous<\/a>\n\t<\/li>\n\n\n       \n    \n\n<li><a href='?page_no=1'>1<\/a><\/li>\n\n\n\n<li><a href='?page_no=2'>2<\/a><\/li>\n\n\n\n<li><a>...<\/a><\/li>\n\n\n\n<li><a href='?page_no=16432'>16432<\/a><\/li>\n\n\n\n<li><a href='?page_no=16433'>16433<\/a><\/li>\n\n\n\n<li class='active'><a>16434<\/a><\/li>\n\n\n\n<li><a href='?page_no=16435'>16435<\/a><\/li>\n\n\n\n<li><a href='?page_no=16436'>16436<\/a><\/li>\n\n\n\n<li><a>...<\/a><\/li>\n\n\n\n<li><a href='?page_no=36618'>36618<\/a><\/li>\n\n\n\n<li><a href='?page_no=36619'>36619<\/a><\/li>\n\n    \n\t\n\n<li >\n\t<a href='?page_no=16435'>Next<\/a>\n\t<\/li>\n\n\n    \n\n<li><a href='?page_no=36619'>Last &rsaquo;&rsaquo;<\/a><\/li>\n\n<\/ul>\n\n\n--><br \/>\n<\/body><\/p>\n","protected":false},"excerpt":{"rendered":"<p>Santo Domingo RD 4 octubre.- El dominicano V\u00edctor Estrella, clasificado No. 71 en el ranking ATP, venci\u00f3 2-1 al argentino Guido Andreozzi para pasar a la ronda final del ATP Challenger Claro Open, Cali, Colombia 2014. Los sets concluyeron (7-6) 6-3 6-0 en la cancha en polvo de ladrillo de la Liga Vallecaucana de Tenis. [&hellip;]<\/p>\n","protected":false},"author":3,"featured_media":0,"comment_status":"open","ping_status":"open","sticky":false,"template":"","format":"standard","meta":{"footnotes":""},"categories":[17],"tags":[],"class_list":["post-199986","post","type-post","status-publish","format-standard","hentry","category-deportes"],"_links":{"self":[{"href":"https:\/\/diariodominicano.com\/index.php?rest_route=\/wp\/v2\/posts\/199986","targetHints":{"allow":["GET"]}}],"collection":[{"href":"https:\/\/diariodominicano.com\/index.php?rest_route=\/wp\/v2\/posts"}],"about":[{"href":"https:\/\/diariodominicano.com\/index.php?rest_route=\/wp\/v2\/types\/post"}],"author":[{"embeddable":true,"href":"https:\/\/diariodominicano.com\/index.php?rest_route=\/wp\/v2\/users\/3"}],"replies":[{"embeddable":true,"href":"https:\/\/diariodominicano.com\/index.php?rest_route=%2Fwp%2Fv2%2Fcomments&post=199986"}],"version-history":[{"count":0,"href":"https:\/\/diariodominicano.com\/index.php?rest_route=\/wp\/v2\/posts\/199986\/revisions"}],"wp:attachment":[{"href":"https:\/\/diariodominicano.com\/index.php?rest_route=%2Fwp%2Fv2%2Fmedia&parent=199986"}],"wp:term":[{"taxonomy":"category","embeddable":true,"href":"https:\/\/diariodominicano.com\/index.php?rest_route=%2Fwp%2Fv2%2Fcategories&post=199986"},{"taxonomy":"post_tag","embeddable":true,"href":"https:\/\/diariodominicano.com\/index.php?rest_route=%2Fwp%2Fv2%2Ftags&post=199986"}],"curies":[{"name":"wp","href":"https:\/\/api.w.org\/{rel}","templated":true}]}}