{"id":199964,"date":"2014-10-06T19:58:34","date_gmt":"2014-10-06T19:58:34","guid":{"rendered":"http:\/\/diariodominicano.ddns.net\/?p=199964"},"modified":"2014-10-06T19:58:34","modified_gmt":"2014-10-06T19:58:34","slug":"comision-tecnica-de-asonaliclu-designa-comisiones-de-coordinadores-sectoriales-torneo-minibaloncesto-marlon-lembert","status":"publish","type":"post","link":"https:\/\/diariodominicano.com\/?p=199964","title":{"rendered":"Comisi\u00f3n t\u00e9cnica de Asonaliclu designa comisiones de coordinadores sectoriales Torneo Minibaloncesto Marlon Lembert"},"content":{"rendered":"<p><body><\/p>\n<p><span class=\"text1noticias\">Santo Domingo, RD, 6 de Octubre.-La Comisi\u00f3n t\u00e9cnica de Asonaliclu, dirigida por el inmortal del deporte, Profesor Mois\u00e9s Lembert, design\u00f3 comisiones de coordinadores sectoriales, en el marco del D\u00e9cimo-tercer Torneo de mini-baloncesto Marlon Lembert.<\/span><\/p>\n<\/p>\n<p><span class=\"text1noticias\">En el Distrito Nacional fueron designados, F\u00e9lix Rosario Leyba, Jos\u00e9 Ortiz y Francisco Montilla, mientras que en la Provincia Santo Domingo en el municipio norte, la responsabilidad qued\u00f3 en las nanos del dirigente Santos Cuevas Valent\u00edn.<\/span><\/p>\n<\/p>\n<p><span class=\"text1noticias\">En el Municipio Santo Domingo Este, fue designado H\u00e9ctor D\u00edaz, mientras en el municipio Santo Domingo Oeste fueron elegidos Juan de la Cruz y Hayne Salda\u00f1a.<\/span><\/p>\n<\/p>\n<p><span class=\"text1noticias\">La tradicional justa est\u00e1 pautada para los d\u00edas 29 y 30 de Noviembre pr\u00f3ximo, teniendo como escenarios las mini-canchas del Centro Ol\u00edmpico Juan Pablo Duarte, con el aval de la federaci\u00f3n Dominicana de Baloncesto (FEDOMBAL), presidida por el Ing. Rafael Uribe.(HG)<\/span>.<\/p>\n<h6> 2014-10-06 19:58:34 <\/h6>\n<p><!--\n<link rel=\"stylesheet\" href=\"css\/bootstrap.min.css\">\n\n\n<ul class=\"pagination\">\n\t    \n\t\n\n<li >\n\t<a href='?page_no=16413'>Previous<\/a>\n\t<\/li>\n\n\n       \n    \n\n<li><a href='?page_no=1'>1<\/a><\/li>\n\n\n\n<li><a href='?page_no=2'>2<\/a><\/li>\n\n\n\n<li><a>...<\/a><\/li>\n\n\n\n<li><a href='?page_no=16412'>16412<\/a><\/li>\n\n\n\n<li><a href='?page_no=16413'>16413<\/a><\/li>\n\n\n\n<li class='active'><a>16414<\/a><\/li>\n\n\n\n<li><a href='?page_no=16415'>16415<\/a><\/li>\n\n\n\n<li><a href='?page_no=16416'>16416<\/a><\/li>\n\n\n\n<li><a>...<\/a><\/li>\n\n\n\n<li><a href='?page_no=36618'>36618<\/a><\/li>\n\n\n\n<li><a href='?page_no=36619'>36619<\/a><\/li>\n\n    \n\t\n\n<li >\n\t<a href='?page_no=16415'>Next<\/a>\n\t<\/li>\n\n\n    \n\n<li><a href='?page_no=36619'>Last &rsaquo;&rsaquo;<\/a><\/li>\n\n<\/ul>\n\n\n--><br \/>\n<\/body><\/p>\n","protected":false},"excerpt":{"rendered":"<p>Santo Domingo, RD, 6 de Octubre.-La Comisi\u00f3n t\u00e9cnica de Asonaliclu, dirigida por el inmortal del deporte, Profesor Mois\u00e9s Lembert, design\u00f3 comisiones de coordinadores sectoriales, en el marco del D\u00e9cimo-tercer Torneo de mini-baloncesto Marlon Lembert. En el Distrito Nacional fueron designados, F\u00e9lix Rosario Leyba, Jos\u00e9 Ortiz y Francisco Montilla, mientras que en la Provincia Santo Domingo [&hellip;]<\/p>\n","protected":false},"author":3,"featured_media":0,"comment_status":"open","ping_status":"open","sticky":false,"template":"","format":"standard","meta":{"footnotes":""},"categories":[17],"tags":[],"class_list":["post-199964","post","type-post","status-publish","format-standard","hentry","category-deportes"],"_links":{"self":[{"href":"https:\/\/diariodominicano.com\/index.php?rest_route=\/wp\/v2\/posts\/199964","targetHints":{"allow":["GET"]}}],"collection":[{"href":"https:\/\/diariodominicano.com\/index.php?rest_route=\/wp\/v2\/posts"}],"about":[{"href":"https:\/\/diariodominicano.com\/index.php?rest_route=\/wp\/v2\/types\/post"}],"author":[{"embeddable":true,"href":"https:\/\/diariodominicano.com\/index.php?rest_route=\/wp\/v2\/users\/3"}],"replies":[{"embeddable":true,"href":"https:\/\/diariodominicano.com\/index.php?rest_route=%2Fwp%2Fv2%2Fcomments&post=199964"}],"version-history":[{"count":0,"href":"https:\/\/diariodominicano.com\/index.php?rest_route=\/wp\/v2\/posts\/199964\/revisions"}],"wp:attachment":[{"href":"https:\/\/diariodominicano.com\/index.php?rest_route=%2Fwp%2Fv2%2Fmedia&parent=199964"}],"wp:term":[{"taxonomy":"category","embeddable":true,"href":"https:\/\/diariodominicano.com\/index.php?rest_route=%2Fwp%2Fv2%2Fcategories&post=199964"},{"taxonomy":"post_tag","embeddable":true,"href":"https:\/\/diariodominicano.com\/index.php?rest_route=%2Fwp%2Fv2%2Ftags&post=199964"}],"curies":[{"name":"wp","href":"https:\/\/api.w.org\/{rel}","templated":true}]}}