{"id":199960,"date":"2014-10-06T20:16:21","date_gmt":"2014-10-06T20:16:21","guid":{"rendered":"http:\/\/diariodominicano.ddns.net\/?p=199960"},"modified":"2014-10-06T20:16:21","modified_gmt":"2014-10-06T20:16:21","slug":"jake-gabay-y-madeline-meredith-se-coronan-en-sencillos-vi-copa-mangu","status":"publish","type":"post","link":"https:\/\/diariodominicano.com\/?p=199960","title":{"rendered":"Jake Gabay y Madeline Meredith se coronan  en sencillos VI Copa Mang\u00fa &#13;"},"content":{"rendered":"<p><body><\/p>\n<p><img decoding=\"async\" src=\"img3\/mangu.jpg\" \/>  <\/p>\n<p><span class=\"text1noticias\">Santo Domingo, RD, 6 de Octubre.-Los estadounidenses Jay Gabay y Medeline Meredith se proclamaron campeones de sencillos masculino y femenino, respectivamente, de la VI Copa Mang\u00fa, que concluy\u00f3 exitosamente en las canchas del Centro Nacional de Tenis del Parque del Este.<\/span><\/p>\n<\/p>\n<p><span class=\"text1noticias\">Gabay, segundo sembrado del evento, derrot\u00f3 en la final al ecuatoriano Camilo Ponce con parciales de 6-3, 6-3, mientras que Meredith hizo lo mismo con Nicole Conard de USA, con sets de 6-1, 6-2.<\/span><\/p>\n<\/p>\n<p><span class=\"text1noticias\">En dobles femeninos, la boliviana Natalia Barbery y la colombiana Sof\u00eda Munera S\u00e1nchez superaron en una dura final al binomio integrado por la dominicana Karla Portalat\u00edn  y a la norteamericana Elene Tsokilauri con sets de 7-5, 6-7(3) 11-9.<\/span><\/p>\n<\/p>\n<p><span class=\"text1noticias\">Asimismo, en los dobles masculinos, El boricua Sebasti\u00e1n Arcila y Jake Gabay, USA, se coronaron tras vencer por 4-6, 6-4, 10-6 a Juan Ignacio Batalla, de M\u00e9xico y a Camilo Ponce, de Ecuador.<\/span><\/p>\n<\/p>\n<p><span class=\"text1noticias\">En la Copa Mang\u00fa participaron jugadores de 25 naciones, de los continentes de Asia, Europa, Norteam\u00e9rica y Am\u00e9rica Latina.<\/span><\/p>\n<\/p>\n<p><span class=\"text1noticias\">La Copa Mang\u00fa Es un evento puntuable para el ranking internacional de la ITF y se jug\u00f3 en las categor\u00edas de U-14 y U-18, en las modalidades de dobles y sencillos, en masculino y femenina.<\/span><\/p>\n<\/p>\n<p><span class=\"text1noticias\">El certamen cont\u00f3 con el apoyo y la certificaci\u00f3n de la Federaci\u00f3n Internacional de Tenis (ITF) y tuvo al cubano Abel Alvarez, como referee y al peruano Julio Cavero como supervisor de la Confederaci\u00f3n de Tenis de Centroam\u00e9rica y El Caribe (COTECC).8hG)<\/span>.<\/p>\n<h6> 2014-10-06 20:16:21 <\/h6>\n<p><!--\n<link rel=\"stylesheet\" href=\"css\/bootstrap.min.css\">\n\n\n<ul class=\"pagination\">\n\t    \n\t\n\n<li >\n\t<a href='?page_no=16409'>Previous<\/a>\n\t<\/li>\n\n\n       \n    \n\n<li><a href='?page_no=1'>1<\/a><\/li>\n\n\n\n<li><a href='?page_no=2'>2<\/a><\/li>\n\n\n\n<li><a>...<\/a><\/li>\n\n\n\n<li><a href='?page_no=16408'>16408<\/a><\/li>\n\n\n\n<li><a href='?page_no=16409'>16409<\/a><\/li>\n\n\n\n<li class='active'><a>16410<\/a><\/li>\n\n\n\n<li><a href='?page_no=16411'>16411<\/a><\/li>\n\n\n\n<li><a href='?page_no=16412'>16412<\/a><\/li>\n\n\n\n<li><a>...<\/a><\/li>\n\n\n\n<li><a href='?page_no=36618'>36618<\/a><\/li>\n\n\n\n<li><a href='?page_no=36619'>36619<\/a><\/li>\n\n    \n\t\n\n<li >\n\t<a href='?page_no=16411'>Next<\/a>\n\t<\/li>\n\n\n    \n\n<li><a href='?page_no=36619'>Last &rsaquo;&rsaquo;<\/a><\/li>\n\n<\/ul>\n\n\n--><br \/>\n<\/body><\/p>\n","protected":false},"excerpt":{"rendered":"<p>Santo Domingo, RD, 6 de Octubre.-Los estadounidenses Jay Gabay y Medeline Meredith se proclamaron campeones de sencillos masculino y femenino, respectivamente, de la VI Copa Mang\u00fa, que concluy\u00f3 exitosamente en las canchas del Centro Nacional de Tenis del Parque del Este. Gabay, segundo sembrado del evento, derrot\u00f3 en la final al ecuatoriano Camilo Ponce con [&hellip;]<\/p>\n","protected":false},"author":3,"featured_media":0,"comment_status":"open","ping_status":"open","sticky":false,"template":"","format":"standard","meta":{"footnotes":""},"categories":[17],"tags":[],"class_list":["post-199960","post","type-post","status-publish","format-standard","hentry","category-deportes"],"_links":{"self":[{"href":"https:\/\/diariodominicano.com\/index.php?rest_route=\/wp\/v2\/posts\/199960","targetHints":{"allow":["GET"]}}],"collection":[{"href":"https:\/\/diariodominicano.com\/index.php?rest_route=\/wp\/v2\/posts"}],"about":[{"href":"https:\/\/diariodominicano.com\/index.php?rest_route=\/wp\/v2\/types\/post"}],"author":[{"embeddable":true,"href":"https:\/\/diariodominicano.com\/index.php?rest_route=\/wp\/v2\/users\/3"}],"replies":[{"embeddable":true,"href":"https:\/\/diariodominicano.com\/index.php?rest_route=%2Fwp%2Fv2%2Fcomments&post=199960"}],"version-history":[{"count":0,"href":"https:\/\/diariodominicano.com\/index.php?rest_route=\/wp\/v2\/posts\/199960\/revisions"}],"wp:attachment":[{"href":"https:\/\/diariodominicano.com\/index.php?rest_route=%2Fwp%2Fv2%2Fmedia&parent=199960"}],"wp:term":[{"taxonomy":"category","embeddable":true,"href":"https:\/\/diariodominicano.com\/index.php?rest_route=%2Fwp%2Fv2%2Fcategories&post=199960"},{"taxonomy":"post_tag","embeddable":true,"href":"https:\/\/diariodominicano.com\/index.php?rest_route=%2Fwp%2Fv2%2Ftags&post=199960"}],"curies":[{"name":"wp","href":"https:\/\/api.w.org\/{rel}","templated":true}]}}