{"id":199951,"date":"2014-10-07T14:14:04","date_gmt":"2014-10-07T14:14:04","guid":{"rendered":"http:\/\/diariodominicano.ddns.net\/?p=199951"},"modified":"2014-10-07T14:14:04","modified_gmt":"2014-10-07T14:14:04","slug":"la-rd-debuta-con-triunfo-en-copa-panam-voleibol","status":"publish","type":"post","link":"https:\/\/diariodominicano.com\/?p=199951","title":{"rendered":"&#13;La RD debuta con triunfo en Copa Panam Voleibol"},"content":{"rendered":"<p><body><\/p>\n<p><img decoding=\"async\" src=\"img3\/masculino 7.jpeg\" \/>  <\/p>\n<p>La Habana, Cuba 7 octubre.- Rep\u00fablica Dominicana barri\u00f3 a El Salvador (25-15, 25-12, 25-13) en su debut en la II Copa Panamericana Masculina Sub-23 de Voleibol con sede en la Ciudad Deportiva que tiene capacidad para 15 mil espectadores.<\/p>\n<\/p>\n<p>Los quisqueyanos pr\u00e1cticamente no tuvieron oposici\u00f3n para en 63 minutos cerrar el choque, en el cual estuvieron muy por encima de sus rivales en ataques (38-11), bloqueos (14- 3) y servicios (5-0) con 18 errores cometidos por 26 los salvadore\u00f1os.<\/p>\n<\/p>\n<p>Los atacadores de esquina Luis Adames (17) y Henry L\u00f3pez (10) fueron los m\u00e1ximos anotadores del encuentro, en el que el central Erick Menjivar con solo cuatro puntos fue el que m\u00e1s anot\u00f3 por los perdedores.<\/p>\n<\/p>\n<p>El cubano Jos\u00e9 \u00c1lvarez Cuti\u00f1o, director t\u00e9cnico de Dominicana, manifest\u00f3 estar muy contento con un inicio victorioso, \u00abaunque mis muchachos no dieron todo lo que son capaces, entraron con mucha ansiedad, pero est\u00e1n estimulados y espero que en las jornadas venideras exhiban su poder\u00edo\u00bb.<\/p>\n<\/p>\n<\/p>\n<h6> 2014-10-07 14:14:04 <\/h6>\n<p><!--\n<link rel=\"stylesheet\" href=\"css\/bootstrap.min.css\">\n\n\n<ul class=\"pagination\">\n\t    \n\t\n\n<li >\n\t<a href='?page_no=16401'>Previous<\/a>\n\t<\/li>\n\n\n       \n    \n\n<li><a href='?page_no=1'>1<\/a><\/li>\n\n\n\n<li><a href='?page_no=2'>2<\/a><\/li>\n\n\n\n<li><a>...<\/a><\/li>\n\n\n\n<li><a href='?page_no=16400'>16400<\/a><\/li>\n\n\n\n<li><a href='?page_no=16401'>16401<\/a><\/li>\n\n\n\n<li class='active'><a>16402<\/a><\/li>\n\n\n\n<li><a href='?page_no=16403'>16403<\/a><\/li>\n\n\n\n<li><a href='?page_no=16404'>16404<\/a><\/li>\n\n\n\n<li><a>...<\/a><\/li>\n\n\n\n<li><a href='?page_no=36618'>36618<\/a><\/li>\n\n\n\n<li><a href='?page_no=36619'>36619<\/a><\/li>\n\n    \n\t\n\n<li >\n\t<a href='?page_no=16403'>Next<\/a>\n\t<\/li>\n\n\n    \n\n<li><a href='?page_no=36619'>Last &rsaquo;&rsaquo;<\/a><\/li>\n\n<\/ul>\n\n\n--><br \/>\n<\/body><\/p>\n","protected":false},"excerpt":{"rendered":"<p>La Habana, Cuba 7 octubre.- Rep\u00fablica Dominicana barri\u00f3 a El Salvador (25-15, 25-12, 25-13) en su debut en la II Copa Panamericana Masculina Sub-23 de Voleibol con sede en la Ciudad Deportiva que tiene capacidad para 15 mil espectadores. Los quisqueyanos pr\u00e1cticamente no tuvieron oposici\u00f3n para en 63 minutos cerrar el choque, en el cual [&hellip;]<\/p>\n","protected":false},"author":3,"featured_media":0,"comment_status":"open","ping_status":"open","sticky":false,"template":"","format":"standard","meta":{"footnotes":""},"categories":[17],"tags":[],"class_list":["post-199951","post","type-post","status-publish","format-standard","hentry","category-deportes"],"_links":{"self":[{"href":"https:\/\/diariodominicano.com\/index.php?rest_route=\/wp\/v2\/posts\/199951","targetHints":{"allow":["GET"]}}],"collection":[{"href":"https:\/\/diariodominicano.com\/index.php?rest_route=\/wp\/v2\/posts"}],"about":[{"href":"https:\/\/diariodominicano.com\/index.php?rest_route=\/wp\/v2\/types\/post"}],"author":[{"embeddable":true,"href":"https:\/\/diariodominicano.com\/index.php?rest_route=\/wp\/v2\/users\/3"}],"replies":[{"embeddable":true,"href":"https:\/\/diariodominicano.com\/index.php?rest_route=%2Fwp%2Fv2%2Fcomments&post=199951"}],"version-history":[{"count":0,"href":"https:\/\/diariodominicano.com\/index.php?rest_route=\/wp\/v2\/posts\/199951\/revisions"}],"wp:attachment":[{"href":"https:\/\/diariodominicano.com\/index.php?rest_route=%2Fwp%2Fv2%2Fmedia&parent=199951"}],"wp:term":[{"taxonomy":"category","embeddable":true,"href":"https:\/\/diariodominicano.com\/index.php?rest_route=%2Fwp%2Fv2%2Fcategories&post=199951"},{"taxonomy":"post_tag","embeddable":true,"href":"https:\/\/diariodominicano.com\/index.php?rest_route=%2Fwp%2Fv2%2Ftags&post=199951"}],"curies":[{"name":"wp","href":"https:\/\/api.w.org\/{rel}","templated":true}]}}